{"id":47594,"date":"2025-04-16T10:44:55","date_gmt":"2025-04-16T10:44:55","guid":{"rendered":"https:\/\/247stiri.ro\/index.php\/2025\/04\/16\/diicot-reactioneaza-dupa-moartea-unui-apropiat-al-lui-vlad-pascu-ce-suspecteaza-anchetatorii\/"},"modified":"2025-04-16T10:44:55","modified_gmt":"2025-04-16T10:44:55","slug":"diicot-reactioneaza-dupa-moartea-unui-apropiat-al-lui-vlad-pascu-ce-suspecteaza-anchetatorii","status":"publish","type":"post","link":"https:\/\/247stiri.ro\/index.php\/2025\/04\/16\/diicot-reactioneaza-dupa-moartea-unui-apropiat-al-lui-vlad-pascu-ce-suspecteaza-anchetatorii\/","title":{"rendered":"DIICOT reac\u021bioneaz\u0103 dup\u0103 moartea unui apropiat al lui Vlad Pascu. Ce suspecteaz\u0103 anchetatorii"},"content":{"rendered":"<p>\u201eCu referire la imaginile \u0219i informa\u021biile ap\u0103rute \u00een spa\u021biul public, privind decesul unui t\u00e2n\u0103r de 20 de ani, din Bucure\u0219ti, ast\u0103zi, 16 aprilie 2025, procurorii Direc\u021biei de Investigare a Infrac\u021biunilor de Criminalitate Organizat\u0103 \u0219i Terorism \u2013 Structura Central\u0103 s-au sesizat din oficiu pentru s\u0103v\u00e2r\u0219irea infrac\u021biunii de trafic de droguri de risc \u0219i mare risc care a avut ca urmare moartea victimei.<\/p>\n<p>Cercet\u0103rile sunt efectuate in rem, iar aceast\u0103 etap\u0103 a procesului penal nu semnific\u0103 formularea unor acuza\u021bii \u00eempotriva unei\/unor persoane, ci instituie cadrul procesual necesar str\u00e2ngerii probelor pentru stabilirea corect\u0103 \u0219i complet\u0103 a st\u0103rii de fapt care s\u0103 permit\u0103 adoptarea \u00een cauz\u0103 a unei solu\u021bii legale \u0219i temeinice\u201c, se arat\u0103 \u00een informarea celor de la DIICOT.<\/p>\n<p>Potrivit primele informa\u021bii, t\u00e2n\u0103rul cunoscut drept Raresh ar fi consumat droguri chiar cu Tudor Duma, zis &#8222;Maru&#8221;. Cu o zi \u00eenainte de a fi g\u0103sit mort \u00een propria locuin\u021b\u0103, lui Rare\u0219 s-a f\u0103cut r\u0103u, iar prietenii au chemat o ambulan\u021b\u0103 care l-a transportat la spital, \u00eens\u0103 a fost l\u0103sat s\u0103 plece. A doua zi, t\u00e2n\u0103rul a fost g\u0103sit mort \u00een locuin\u021ba sa.<\/p>\n<p>\u201eLa data de 15.04.2025, Sec\u021bia 8 Poli\u021bie a fost sesizat\u0103, prin apel 112, cu privire la faptul c\u0103, la o adres\u0103 din Sectorul 2, s-ar afla o persoan\u0103 decedat\u0103.<\/p>\n<p>La fa\u021ba locului s-au deplasat de urgen\u021b\u0103 poli\u021bi\u0219ti din cadrul subunit\u0103\u021bii \u0219i un echipaj de prim-ajutor, care au constatat c\u0103 aspectele sesizate se confirm\u0103, fiind vorba despre un t\u00e2n\u0103r, \u00een v\u00e2rst\u0103 de 20 de ani\u201d, a transmis Direc\u021bia General\u0103 de Poli\u021bie a Municipiului Bucure\u0219ti.<\/p>\n\n<p>La v\u00e2rst\u0103 de 13 ani, Rare\u0219 a ap\u0103rut \u00eentr-o emisiune TV \u00een care i-a impresionat pe realizatori prin dezinvoltura cu care prezenta o serie de experimente de fizic\u0103 \u0219i chimie.<\/p>\n<p><a title=\"@clanul_din_romania\" href=\"https:\/\/www.tiktok.com\/@clanul_din_romania?refer=embed\" target=\"_blank\">@clanul_din_romania<\/a> STOP DROGURI<a title=\"saajungapeforyou\" href=\"https:\/\/www.tiktok.com\/tag\/saajungapeforyou?refer=embed\" target=\"_blank\">#saajungapeforyou<\/a><a title=\"saajungaviral\" href=\"https:\/\/www.tiktok.com\/tag\/saajungaviral?refer=embed\" target=\"_blank\">#saajungaviral<\/a><a title=\"stopdroguri\" href=\"https:\/\/www.tiktok.com\/tag\/stopdroguri?refer=embed\" target=\"_blank\">#stopdroguri<\/a><a title=\"saajungaundetrebuie\" href=\"https:\/\/www.tiktok.com\/tag\/saajungaundetrebuie?refer=embed\" target=\"_blank\">#saajungaundetrebuie<\/a><a title=\"castron\" href=\"https:\/\/www.tiktok.com\/tag\/castron?refer=embed\" target=\"_blank\">#castron<\/a><a title=\"tv\" href=\"https:\/\/www.tiktok.com\/tag\/tv?refer=embed\" target=\"_blank\">#tv<\/a><a title=\"stopdrogurilor\ud83d\udead\" href=\"https:\/\/www.tiktok.com\/tag\/stopdrogurilor%F0%9F%9A%AD?refer=embed\" target=\"_blank\">#stopdrogurilor\ud83d\udead<\/a> <a title=\"\u266c original sound - R.I.P RARE\u0218 \ud83d\udd4a\ufe0f\" href=\"https:\/\/www.tiktok.com\/music\/original-sound-7475046787828370198?refer=embed\" target=\"_blank\">\u266c original sound &#8211; R.I.P RARE\u0218 \ud83d\udd4a\ufe0f<\/a><\/p>\n<p>Tudor Duma, zis \u0219i &#8222;Maru&#8221;, dealerul de droguri al lui Vlad Pascu, autorul accidentului cu dou\u0103 victime de la 2 Mai, a fost condamnat luni, de Tribunalul Bucure\u0219ti, la 4 ani \u0219i 3 luni de \u00eenchisoare cu executare, \u00een prima instan\u021b\u0103. Duma a primit pe fond o pedeaps\u0103 orientat\u0103 spre mediu, deoarece judec\u0103torul a apreciat c\u0103 substan\u021bele traficate sunt \u201ede risc\u201d, nu \u201ede mare risc\u201d. Pe scurt, Tribunalul Bucure\u0219ti a stabilit c\u0103 \u201eMaru\u201d trafica doar canabis, nu \u0219i Fentanyl, pe care \u00eel folosea pentru consum propriu \u0219i astfel a sc\u0103pat cu o \u00eencadrare mai bl\u00e2nd\u0103.<\/p>\n<p><a title=\"Amanare a sentintei lui Vlad Pascu, in dosarul 2 Mai. Cum a decurs intalnirea dintre parintii victimelor tragediei si familia Pascu: declaratii cutremuratoare\" href=\"https:\/\/www.realitatea.net\/stiri\/actual\/amanare-a-sentintei-lui-vlad-pascu-in-dosarul-2-mai-cum-a-decurs-intalnirea-dintre-parintii-victimelor-tragediei-si-familia-pascu-declaratii-cutremuratoare_67f66160aaff8c373247c930\">Am\u00e2nare a sentin\u021bei lui Vlad Pascu, \u00een dosarul 2 Mai. Cum a decurs \u00eent\u00e2lnirea dintre p\u0103rin\u021bii victimelor tragediei \u0219i familia Pascu: declara\u021bii cutremur\u0103toare<\/a><\/p>","protected":false},"excerpt":{"rendered":"<p>\u201eCu referire la imaginile \u0219i informa\u021biile ap\u0103rute \u00een spa\u021biul public, privind decesul unui t\u00e2n\u0103r de&hellip;<\/p>\n","protected":false},"author":0,"featured_media":47595,"comment_status":"open","ping_status":"open","sticky":false,"template":"","format":"standard","meta":{"footnotes":""},"categories":[2],"tags":[],"class_list":["post-47594","post","type-post","status-publish","format-standard","has-post-thumbnail","hentry","category-actual"],"_links":{"self":[{"href":"https:\/\/247stiri.ro\/index.php\/wp-json\/wp\/v2\/posts\/47594","targetHints":{"allow":["GET"]}}],"collection":[{"href":"https:\/\/247stiri.ro\/index.php\/wp-json\/wp\/v2\/posts"}],"about":[{"href":"https:\/\/247stiri.ro\/index.php\/wp-json\/wp\/v2\/types\/post"}],"replies":[{"embeddable":true,"href":"https:\/\/247stiri.ro\/index.php\/wp-json\/wp\/v2\/comments?post=47594"}],"version-history":[{"count":0,"href":"https:\/\/247stiri.ro\/index.php\/wp-json\/wp\/v2\/posts\/47594\/revisions"}],"wp:featuredmedia":[{"embeddable":true,"href":"https:\/\/247stiri.ro\/index.php\/wp-json\/wp\/v2\/media\/47595"}],"wp:attachment":[{"href":"https:\/\/247stiri.ro\/index.php\/wp-json\/wp\/v2\/media?parent=47594"}],"wp:term":[{"taxonomy":"category","embeddable":true,"href":"https:\/\/247stiri.ro\/index.php\/wp-json\/wp\/v2\/categories?post=47594"},{"taxonomy":"post_tag","embeddable":true,"href":"https:\/\/247stiri.ro\/index.php\/wp-json\/wp\/v2\/tags?post=47594"}],"curies":[{"name":"wp","href":"https:\/\/api.w.org\/{rel}","templated":true}]}}