{"id":47598,"date":"2025-04-16T10:44:57","date_gmt":"2025-04-16T10:44:57","guid":{"rendered":"https:\/\/247stiri.ro\/index.php\/2025\/04\/16\/oroare-in-germania-un-medic-de-ingrijiri-paliative-acuzat-de-uciderea-a-15-pacienti-motivul-i-a-socat-si-pe-anchetatori\/"},"modified":"2025-04-16T10:44:57","modified_gmt":"2025-04-16T10:44:57","slug":"oroare-in-germania-un-medic-de-ingrijiri-paliative-acuzat-de-uciderea-a-15-pacienti-motivul-i-a-socat-si-pe-anchetatori","status":"publish","type":"post","link":"https:\/\/247stiri.ro\/index.php\/2025\/04\/16\/oroare-in-germania-un-medic-de-ingrijiri-paliative-acuzat-de-uciderea-a-15-pacienti-motivul-i-a-socat-si-pe-anchetatori\/","title":{"rendered":"Oroare \u00een Germania. Un medic de \u00eengrijiri paliative, acuzat de uciderea a 15 pacien\u021bi. Motivul i-a \u0219ocat \u0219i pe anchetatori"},"content":{"rendered":"<p>Acest doctor \u00een v\u00e2rst\u0103 de 40 de ani, arestat \u00een august 2024, era p\u00e2n\u0103 acum suspectat c\u0103 a f\u0103cut cel pu\u021bin opt victime, \u00een timp ce sistemul de justi\u021bie continu\u0103 s\u0103 investigheze alte posibile cazuri.B\u0103rbatul este acuzat c\u0103 a ucis victimele aflate \u00een grija sa, \u00eentre septembrie 2021 \u0219i iulie 2024, cu medicamente \u0219i c\u0103 a dat foc locuin\u021belor unora dintre ele pentru a \u201dascunde crimele\u201d, a scris procuratura \u00eentr-un comunicat.Victimele, dou\u0103sprezece femei \u0219i trei b\u0103rba\u021bi cu v\u00e2rste cuprinse \u00eentre 25 \u0219i 94 de ani, au fost uci\u0219i &#8216;prin \u00een\u0219el\u0103ciune \u0219i din motive inutile&#8217;, a precizat parchetul, citat de Agerpres.Procuratura solicit\u0103 un proces \u0219i o condamnare \u00eenso\u021bite de recunoa\u0219terea gravit\u0103\u021bii deosebite a faptelor, o deten\u021bie preventiv\u0103 \u0219i o interdic\u021bie profesional\u0103 pe via\u021b\u0103.\u00cen prezent \u00een arest preventiv, medicul \u201dnu a vorbit p\u00e2n\u0103 acum despre acuza\u021biile \u00eempotriva sa\u201d, a declarat procuratura.Parchetul a indicat \u00een timpul unei anchete anterioare c\u0103 motivul a fost \u201ddorin\u021ba de a ucide\u201d.<\/p>\n<p><a title='Doi rezidenti de la Spitalul Sf. Spiridon, din Iasi, au murit la doua saptamani distanta. Medic: ,,Stresul e in fiecare secunda\"' href=\"https:\/\/www.realitatea.net\/stiri\/actual\/doi-rezidenti-de-la-spitalul-sf-spiridon-din-iasi-au-murit-la-doua-saptamani-distanta-medic-stresul-e-in-fiecare-secunda_67fe0b9735dcbb41706c40ac\">Doi reziden\u021bi de la Spitalul Sf. Spiridon, din Ia\u0219i, au murit la dou\u0103 s\u0103pt\u0103m\u00e2ni distan\u021b\u0103. Medic: \u201eStresul e \u00een fiecare secund\u0103\u201d<\/a><\/p>","protected":false},"excerpt":{"rendered":"<p>Acest doctor \u00een v\u00e2rst\u0103 de 40 de ani, arestat \u00een august 2024, era p\u00e2n\u0103 acum&hellip;<\/p>\n","protected":false},"author":0,"featured_media":47588,"comment_status":"open","ping_status":"open","sticky":false,"template":"","format":"standard","meta":{"footnotes":""},"categories":[2],"tags":[],"class_list":["post-47598","post","type-post","status-publish","format-standard","has-post-thumbnail","hentry","category-actual"],"_links":{"self":[{"href":"https:\/\/247stiri.ro\/index.php\/wp-json\/wp\/v2\/posts\/47598","targetHints":{"allow":["GET"]}}],"collection":[{"href":"https:\/\/247stiri.ro\/index.php\/wp-json\/wp\/v2\/posts"}],"about":[{"href":"https:\/\/247stiri.ro\/index.php\/wp-json\/wp\/v2\/types\/post"}],"replies":[{"embeddable":true,"href":"https:\/\/247stiri.ro\/index.php\/wp-json\/wp\/v2\/comments?post=47598"}],"version-history":[{"count":0,"href":"https:\/\/247stiri.ro\/index.php\/wp-json\/wp\/v2\/posts\/47598\/revisions"}],"wp:featuredmedia":[{"embeddable":true,"href":"https:\/\/247stiri.ro\/index.php\/wp-json\/wp\/v2\/media\/47588"}],"wp:attachment":[{"href":"https:\/\/247stiri.ro\/index.php\/wp-json\/wp\/v2\/media?parent=47598"}],"wp:term":[{"taxonomy":"category","embeddable":true,"href":"https:\/\/247stiri.ro\/index.php\/wp-json\/wp\/v2\/categories?post=47598"},{"taxonomy":"post_tag","embeddable":true,"href":"https:\/\/247stiri.ro\/index.php\/wp-json\/wp\/v2\/tags?post=47598"}],"curies":[{"name":"wp","href":"https:\/\/api.w.org\/{rel}","templated":true}]}}