{"id":47613,"date":"2025-04-16T11:45:11","date_gmt":"2025-04-16T11:45:11","guid":{"rendered":"https:\/\/247stiri.ro\/index.php\/2025\/04\/16\/ce-meniu-va-avea-pe-masa-de-paste-irinel-columbeanu-cum-va-petrece-sarbatorile-fostul-milionar-de-la-izvorani\/"},"modified":"2025-04-16T11:45:11","modified_gmt":"2025-04-16T11:45:11","slug":"ce-meniu-va-avea-pe-masa-de-paste-irinel-columbeanu-cum-va-petrece-sarbatorile-fostul-milionar-de-la-izvorani","status":"publish","type":"post","link":"https:\/\/247stiri.ro\/index.php\/2025\/04\/16\/ce-meniu-va-avea-pe-masa-de-paste-irinel-columbeanu-cum-va-petrece-sarbatorile-fostul-milionar-de-la-izvorani\/","title":{"rendered":"Ce meniu va avea pe masa de Pa\u0219te Irinel Columbeanu. Cum va petrece s\u0103rb\u0103torile fostul milionar de la Izvorani"},"content":{"rendered":"<p>Directorul azilului din Gherm\u0103ne\u0219ti, Ion Cassian, a dezv\u0103luit ce specialit\u0103\u021bi culinare va avea Irinel Columbeanu \u00een meniu.<\/p>\n<p>Ce meniu va avea<\/p>\n<p class=\"svelte-uzyam9\">Irinel Columbeanu\u00a0va petrece Pa\u0219tele la azilul de b\u0103tr\u00e2ni din Gherm\u0103ne\u0219ti, unde locuie\u0219te de un an \u0219i jum\u0103tate, de c\u00e2nd a pierdut averea de milioane de euro. Pe masa de Pa\u0219te, \u00een jurul c\u0103reia se vor reuni to\u021bi pensionarii, vor trona bun\u0103t\u0103\u021bi tradi\u021bionale:<\/p>\n<p class=\"svelte-uzyam9\">\u201eVor avea \u00een meniu m\u00e2ncare, ca acas\u0103, drob, cozonac, friptur\u0103, ou\u0103 ro\u0219ii. Nu le vor lipsi nimic. Va fi o mic\u0103 petrecere, ca \u00een fiecare an, pentru to\u021bi cei care locuiesc aici\u201d.<\/p>\n<p>\u201eDe S\u0103rb\u0103torile Pascale, va veni la c\u0103minul de b\u0103tr\u00e2ni \u0219i un preot din zona\u201d<\/p>\n<p class=\"svelte-uzyam9\">Conform sursei, Ion Cassian a mai dezv\u0103luit c\u0103, de Pa\u0219te, la azilul din Gherm\u0103ne\u0219ti, vor fi vizita\u021bi \u0219i de un slujitor al bisericii, pentru a binecuv\u00e2nta bucatele, conform tradi\u021biei:<\/p>\n<p class=\"svelte-uzyam9\">Ion Cassian a legat o frumoas\u0103 prietenie cu Irinel Columbeanu \u0219i adesea l-a invitat s\u0103 petreac\u0103 \u00een casa lui:<\/p>\n<p class=\"svelte-uzyam9\">\u201eIrinel Columbeanu\u00a0este manierat, foarte citit \u0219i inteligent, ai ce vorbi cu el, ne face pl\u0103cere s\u0103-l mai invit\u0103m la noi la mas\u0103, la evenimentele din familie\u201d, a mai men\u021bionat directorul azilului din Gherm\u0103ne\u0219ti, conform Click.<\/p>\n<p>Duce dorul petrecerilor de alt\u0103dat\u0103. A r\u0103mas numai cu c\u00e2teva valize de haine<\/p>\n<p class=\"svelte-uzyam9\">Irinel Columbeanu \u00ee\u0219i revine cu greu dup\u0103 uria\u0219a pierdere financiar\u0103, de milioane de euro, \u00een urma unor investi\u021bii total neinspirate. Dup\u0103 ce a r\u0103mas f\u0103r\u0103 bani \u00een conturi, dar \u0219i f\u0103r\u0103 cocheta vil\u0103 din Izvorani, fostul om de afaceri s-a mutat \u00een azilul din Gherm\u0103ne\u0219ti:<\/p>\n<p class=\"svelte-uzyam9\">\u201eSe simte bine la noi, va sta aici c\u00e2t va dori, chiar dac\u0103 din pensia lui, de 2.000 de lei, din care are \u0219i re\u021bineri la banc\u0103, de 400 de lei, nu poate achita taxa de cazare, care ajunge \u0219i la peste 4.500 de lei.<\/p>\n<p class=\"svelte-uzyam9\">Irinel Columbeanu a r\u0103mas f\u0103r\u0103 avere, a\u0219a a fost s\u0103 fie. La noi a venit cu c\u00e2teva valize cu haine \u0219i cu alte lucruri de valoare. Pe unele le \u021bine \u00een camer\u0103, iar pe altele le-am depozitat, la cererea lui\u201d, mai men\u021bioneaz\u0103 Ion Cassian, conform acelea\u0219i surse.\u00a0<\/p>\n<p><a href=\"https:\/\/www.realitatea.net\/stiri\/monden\/mirabela-dauer-confesiuni-emotionante-despre-trecutul-dureros-artista-a-fost-batuta-crunt-ma-mutilat-a-facut-un-scandal-ingrozitor_67fe2e93135a7b29c2305353\" target=\"_blank\">Mirabela Dauer, confesiuni emo\u021bionante despre trecutul dureros. Artista a fost b\u0103tut\u0103 crunt: \u201eM-a mutilat. A f\u0103cut un scandal \u00eengrozitor\u201d<\/a><\/p>","protected":false},"excerpt":{"rendered":"<p>Directorul azilului din Gherm\u0103ne\u0219ti, Ion Cassian, a dezv\u0103luit ce specialit\u0103\u021bi culinare va avea Irinel Columbeanu&hellip;<\/p>\n","protected":false},"author":0,"featured_media":47600,"comment_status":"open","ping_status":"open","sticky":false,"template":"","format":"standard","meta":{"footnotes":""},"categories":[2],"tags":[],"class_list":["post-47613","post","type-post","status-publish","format-standard","has-post-thumbnail","hentry","category-actual"],"_links":{"self":[{"href":"https:\/\/247stiri.ro\/index.php\/wp-json\/wp\/v2\/posts\/47613","targetHints":{"allow":["GET"]}}],"collection":[{"href":"https:\/\/247stiri.ro\/index.php\/wp-json\/wp\/v2\/posts"}],"about":[{"href":"https:\/\/247stiri.ro\/index.php\/wp-json\/wp\/v2\/types\/post"}],"replies":[{"embeddable":true,"href":"https:\/\/247stiri.ro\/index.php\/wp-json\/wp\/v2\/comments?post=47613"}],"version-history":[{"count":0,"href":"https:\/\/247stiri.ro\/index.php\/wp-json\/wp\/v2\/posts\/47613\/revisions"}],"wp:featuredmedia":[{"embeddable":true,"href":"https:\/\/247stiri.ro\/index.php\/wp-json\/wp\/v2\/media\/47600"}],"wp:attachment":[{"href":"https:\/\/247stiri.ro\/index.php\/wp-json\/wp\/v2\/media?parent=47613"}],"wp:term":[{"taxonomy":"category","embeddable":true,"href":"https:\/\/247stiri.ro\/index.php\/wp-json\/wp\/v2\/categories?post=47613"},{"taxonomy":"post_tag","embeddable":true,"href":"https:\/\/247stiri.ro\/index.php\/wp-json\/wp\/v2\/tags?post=47613"}],"curies":[{"name":"wp","href":"https:\/\/api.w.org\/{rel}","templated":true}]}}