{"id":47614,"date":"2025-04-16T11:45:12","date_gmt":"2025-04-16T11:45:12","guid":{"rendered":"https:\/\/247stiri.ro\/index.php\/2025\/04\/16\/lasconi-vrea-sa-stranga-voturi-cu-tamaie-ce-va-face-sefa-rezistilor-daca-va-ajunge-la-cotroceni\/"},"modified":"2025-04-16T11:45:12","modified_gmt":"2025-04-16T11:45:12","slug":"lasconi-vrea-sa-stranga-voturi-cu-tamaie-ce-va-face-sefa-rezistilor-daca-va-ajunge-la-cotroceni","status":"publish","type":"post","link":"https:\/\/247stiri.ro\/index.php\/2025\/04\/16\/lasconi-vrea-sa-stranga-voturi-cu-tamaie-ce-va-face-sefa-rezistilor-daca-va-ajunge-la-cotroceni\/","title":{"rendered":"Lasconi vrea s\u0103 str\u00e2ng\u0103 voturi cu t\u0103m\u00e2ie. Ce va face \u0219efa rezi\u0219tilor dac\u0103 va ajunge la Cotroceni"},"content":{"rendered":"<p>Lasconi a declarat \u00eentr-un interviu: \u201eDup\u0103 ce dau cu t\u0103m\u00e2ie la Cotroceni, sunt foarte multe. \u00cen primul r\u00e2nd, premierul. A\u0219a cum am spus, eu nu am s\u0103-l nominalizez \u00een niciun caz pe Ciolacu \u0219i vreau s\u0103 mergem \u00eenainte cu domnul Ilie Bolojan, a\u0219a cum am spus, cuv\u00e2ntul meu e contract. Eu nu m\u0103 sucesc, nu fac declara\u021bii doar de dragul de a face declara\u021bii\u201d<\/p>\n<p>\u00centre timp, scandalul rezi\u0219tilor dispera\u021bi s\u0103 \u00eel sus\u021bin\u0103 pe Nicu\u0219or Dan a ajuns azi \u00een instan\u021b\u0103. USR a atacat hot\u0103r\u00e2rea BEC prin care at\u00e2t forma\u021biunii, c\u00e2t \u0219i liderilor acesteia li se interzice s\u0103 promoveze alt candidat dec\u00e2t cel declarat oficia, Elena Lasconi. \u0218efa USR a ajuns la tribunal, pentru a-\u0219i sus\u021bine cauza \u00een fa\u021ba celor care au tr\u0103dat-o.\u00a0La Curtea de Apel Bucure\u0219ti sunt programate, miercuri, dou\u0103 procese legate de USR, potrivit Realitatea Plus. \u00cen primul, forma\u021biunea solicit\u0103 s\u0103 i se permit\u0103 s\u0103 \u00eei fac\u0103 lui Nicu\u0219or Dan campanie electoral\u0103, nu Elenei Lasconi, \u0219efa forma\u021biunii \u0219i cea declarat\u0103 drept candidat la alegerile preziden\u021biale.<\/p>\n<p>\u00centr-un proces separat, unul dintre liderii USR, Ionu\u021b Mo\u0219teanu, cere \u00een instan\u021b\u0103 dreptul de a posta pe re\u021bele de socializare mesaje pro Nicu\u0219or Dan. Demersul s\u0103u vine dup\u0103 ce Biroul Electoral Central a precizat c\u0103 nici USR, nici politicienii forma\u021biunii, nu pot sus\u021bine public un alt candidat dec\u00e2t cel pe care l-au declarat oficial, adic\u0103 Elena Lasconi.<\/p>\n<p><a title=\"Razboiul din USR ar putea duce la desfiintarea in justitie a partidului. Deciziile luate ar fi ilegale si nestatutare\" href=\"https:\/\/www.realitatea.net\/stiri\/alegeri-2025\/razboiul-din-usr-ar-putea-duce-la-desfiintarea-in-justitie-a-partidului-deciziile-luate-ar-fi-ilegale-si-nestatutare_67ff31d48b8039407b521502\">R\u0103zboiul din USR ar putea duce la desfiin\u021barea \u00een justi\u021bie a partidului. Deciziile luate ar fi ilegale \u0219i nestatutare<\/a>\u00a0<\/p>","protected":false},"excerpt":{"rendered":"<p>Lasconi a declarat \u00eentr-un interviu: \u201eDup\u0103 ce dau cu t\u0103m\u00e2ie la Cotroceni, sunt foarte multe.&hellip;<\/p>\n","protected":false},"author":0,"featured_media":47608,"comment_status":"open","ping_status":"open","sticky":false,"template":"","format":"standard","meta":{"footnotes":""},"categories":[2],"tags":[],"class_list":["post-47614","post","type-post","status-publish","format-standard","has-post-thumbnail","hentry","category-actual"],"_links":{"self":[{"href":"https:\/\/247stiri.ro\/index.php\/wp-json\/wp\/v2\/posts\/47614","targetHints":{"allow":["GET"]}}],"collection":[{"href":"https:\/\/247stiri.ro\/index.php\/wp-json\/wp\/v2\/posts"}],"about":[{"href":"https:\/\/247stiri.ro\/index.php\/wp-json\/wp\/v2\/types\/post"}],"replies":[{"embeddable":true,"href":"https:\/\/247stiri.ro\/index.php\/wp-json\/wp\/v2\/comments?post=47614"}],"version-history":[{"count":0,"href":"https:\/\/247stiri.ro\/index.php\/wp-json\/wp\/v2\/posts\/47614\/revisions"}],"wp:featuredmedia":[{"embeddable":true,"href":"https:\/\/247stiri.ro\/index.php\/wp-json\/wp\/v2\/media\/47608"}],"wp:attachment":[{"href":"https:\/\/247stiri.ro\/index.php\/wp-json\/wp\/v2\/media?parent=47614"}],"wp:term":[{"taxonomy":"category","embeddable":true,"href":"https:\/\/247stiri.ro\/index.php\/wp-json\/wp\/v2\/categories?post=47614"},{"taxonomy":"post_tag","embeddable":true,"href":"https:\/\/247stiri.ro\/index.php\/wp-json\/wp\/v2\/tags?post=47614"}],"curies":[{"name":"wp","href":"https:\/\/api.w.org\/{rel}","templated":true}]}}