{"id":47627,"date":"2025-04-16T12:44:56","date_gmt":"2025-04-16T12:44:56","guid":{"rendered":"https:\/\/247stiri.ro\/index.php\/2025\/04\/16\/ambasadorul-sua-acuzat-ca-ar-fi-incercat-sa-blocheze-intalnirile-lui-george-simion-cu-delegatia-congresmenilor-americani\/"},"modified":"2025-04-16T12:44:56","modified_gmt":"2025-04-16T12:44:56","slug":"ambasadorul-sua-acuzat-ca-ar-fi-incercat-sa-blocheze-intalnirile-lui-george-simion-cu-delegatia-congresmenilor-americani","status":"publish","type":"post","link":"https:\/\/247stiri.ro\/index.php\/2025\/04\/16\/ambasadorul-sua-acuzat-ca-ar-fi-incercat-sa-blocheze-intalnirile-lui-george-simion-cu-delegatia-congresmenilor-americani\/","title":{"rendered":"Ambasadorul SUA, acuzat c\u0103 ar fi \u00eencercat s\u0103 blocheze \u00eent\u00e2lnirile lui George Simion cu delega\u021bia congresmenilor americani"},"content":{"rendered":"<p>Forma\u021biunea AUR s-a mi\u0219cat \u00eens\u0103 rapid \u0219i a anihilat strategia ambasadoarei numite de administra\u021bia Biden, reu\u0219it s\u0103 organizeze \u00eent\u00e2lniri individuale cu Simion.<\/p>\n<p>Invitat la Realitatea Plus, deputatul Cosmin Corendrea a explicat c\u0103 George Simion nu a fost invitat la niciun eveniment prilejuit de vizita delega\u021biei de la Washington, \u00eens\u0103 la pr\u00e2nzul organizat la Parlament politicienii AUR au reu\u0219it s\u0103 stabileasc\u0103 discuii directe ale lui Simion cu o serie de republicani din delega\u021bie.<\/p>\n<p>La recep\u021bia organizat\u0103 mar\u021bi sear\u0103, unde a fost invitat, Corendrea a precizat c\u0103 nu a putut sta de vorb\u0103 direct cu politicienii americani, pentru c\u0103 de fiecare data ap\u0103rea \u201co a treia persoan\u0103, eventual cineva de la guvern\u201d.<\/p>","protected":false},"excerpt":{"rendered":"<p>Forma\u021biunea AUR s-a mi\u0219cat \u00eens\u0103 rapid \u0219i a anihilat strategia ambasadoarei numite de administra\u021bia Biden,&hellip;<\/p>\n","protected":false},"author":0,"featured_media":47628,"comment_status":"open","ping_status":"open","sticky":false,"template":"","format":"standard","meta":{"footnotes":""},"categories":[3],"tags":[],"class_list":["post-47627","post","type-post","status-publish","format-standard","has-post-thumbnail","hentry","category-politica"],"_links":{"self":[{"href":"https:\/\/247stiri.ro\/index.php\/wp-json\/wp\/v2\/posts\/47627","targetHints":{"allow":["GET"]}}],"collection":[{"href":"https:\/\/247stiri.ro\/index.php\/wp-json\/wp\/v2\/posts"}],"about":[{"href":"https:\/\/247stiri.ro\/index.php\/wp-json\/wp\/v2\/types\/post"}],"replies":[{"embeddable":true,"href":"https:\/\/247stiri.ro\/index.php\/wp-json\/wp\/v2\/comments?post=47627"}],"version-history":[{"count":0,"href":"https:\/\/247stiri.ro\/index.php\/wp-json\/wp\/v2\/posts\/47627\/revisions"}],"wp:featuredmedia":[{"embeddable":true,"href":"https:\/\/247stiri.ro\/index.php\/wp-json\/wp\/v2\/media\/47628"}],"wp:attachment":[{"href":"https:\/\/247stiri.ro\/index.php\/wp-json\/wp\/v2\/media?parent=47627"}],"wp:term":[{"taxonomy":"category","embeddable":true,"href":"https:\/\/247stiri.ro\/index.php\/wp-json\/wp\/v2\/categories?post=47627"},{"taxonomy":"post_tag","embeddable":true,"href":"https:\/\/247stiri.ro\/index.php\/wp-json\/wp\/v2\/tags?post=47627"}],"curies":[{"name":"wp","href":"https:\/\/api.w.org\/{rel}","templated":true}]}}