{"id":47631,"date":"2025-04-16T12:44:58","date_gmt":"2025-04-16T12:44:58","guid":{"rendered":"https:\/\/247stiri.ro\/index.php\/2025\/04\/16\/vesti-bune-pentru-romanii-cu-vouchere-de-vacanta-guvernul-a-dat-unda-verde-pentru-mecanismul-de-acordare-al-acestora\/"},"modified":"2025-04-16T12:44:58","modified_gmt":"2025-04-16T12:44:58","slug":"vesti-bune-pentru-romanii-cu-vouchere-de-vacanta-guvernul-a-dat-unda-verde-pentru-mecanismul-de-acordare-al-acestora","status":"publish","type":"post","link":"https:\/\/247stiri.ro\/index.php\/2025\/04\/16\/vesti-bune-pentru-romanii-cu-vouchere-de-vacanta-guvernul-a-dat-unda-verde-pentru-mecanismul-de-acordare-al-acestora\/","title":{"rendered":"Ve\u0219ti bune pentru rom\u00e2nii cu vouchere de vacan\u021b\u0103. Guvernul a dat und\u0103 verde pentru mecanismul de acordare al acestora"},"content":{"rendered":"<p>\u201dSubiectul voucherelor de vacan\u021b\u0103 &#8211; vorbim despre un mecanism foarte simplu de decontare care a fost adus \u00een fa\u021ba Guvernului \u00een urma negocierilor at\u00e2t cu patronatele, c\u00e2t \u0219i cu reprezentan\u021bii sindicatelor \u0219i cu Ministerul de Finan\u021be. O form\u0103 \u00een care fiecare angajat va declara pe proprie r\u0103spundere \u00een fa\u021ba angajatorului c\u0103 \u00ee\u0219i asum\u0103 s\u0103 cheltuiasc\u0103 cei 800 de lei pe care \u00eei va primi din partea statului rom\u00e2n \u00eentr-o form\u0103 \u00een care el va cofinan\u021ba cu al\u021bii 800 de lei tot ceea ce \u00eenseamn\u0103 pachetul turistic. Este evident c\u0103, la finalul acestei proceduri, se va emite o factur\u0103 care va putea fi verificat\u0103 de c\u0103tre ANAF \u00een timp real, folosind soft-ul e-factura. A\u0219a c\u0103 nu vom avea sincope din acest punct de vedere \u0219i \u00eei sf\u0103tuiesc pe to\u021bi cei care vor s\u0103 fie beneficiarii acestui program s\u0103 nu se joace \u0219i s\u0103 respecte legea \u0219i angajamentul pe proprie r\u0103spundere pe care \u0219i-l iau \u00een fa\u021ba angajatorului, cu respectarea tuturor prevederilor legale\u201d, a explicat Ivan, \u00eentr-o conferin\u021b\u0103 de pres\u0103, la Palatul Victoria.El a ad\u0103ugat c\u0103 voucherele vor putea fi folosite doar \u00een unit\u0103\u021bile turistice autorizate de c\u0103tre Ministerul Economiei, Antreprenoriatului \u0219i Turismului.<\/p>\n<p><a title=\"Angajatii din Romania, prime de Paste consistente. Ce sume pot primi mii de salariati\" href=\"https:\/\/www.realitatea.net\/stiri\/actual\/angajatii-din-romania-prime-de-paste-consistente-ce-sume-pot-primi-mii-de-salariati_67f3937c857e3c4f013184c3\">Angaja\u021bii din Rom\u00e2nia, prime de Pa\u0219te consistente. Ce sume pot primi mii de salaria\u021bi<\/a>\u201dAce\u0219ti bani vor fi \u00eenc\u0103rca\u021bi \u00een urma depunerii acestei declara\u021bii de propria r\u0103spundere pe cardurile de vacan\u021b\u0103 ale angaja\u021bilor. Contribu\u021bia net\u0103 va fi de 640 lei, va fi un impozit total la acei 800 lei \u00een valoare de 160 lei, care va fi re\u021binut de pe card \u00een luna urm\u0103toare de salariu. Angajatul va primi 800 de lei, va cheltui 800 de lei, iar de pe card, luna viitoare, \u00eei vor fi re\u021binu\u021bi 160 de lei aferen\u021bi taxelor pentru cei 800 de lei\u201d, a afirmat ministrul, citat de Agerpres.Voucherele se pot folosi \u0219i frac\u021bionat, pentru a pl\u0103ti mai multe facturi. Beneficiarii pot folosi, de asemenea, doar o parte din suma de 800 de lei de la stat.\u201dDac\u0103 omul va alege un pachet turistic de doar 1.000 de lei, \u00een decursul \u00eentregului an, el va face declara\u021bia pe proprie r\u0103spundere c\u0103 va cheltui aceast\u0103 sum\u0103. Principiul este unul foarte simplu. Pentru fiecare leu pe care \u00eel ofer\u0103 statul prin aceast\u0103 schem\u0103 de voucher de vacan\u021b\u0103, omul va trebui s\u0103 fac\u0103 dovada faptului c\u0103 a cheltuit din buzunar \u00eenc\u0103 un leu. (&#8230;) Dac\u0103 el cheltuie\u0219te doar 100 de lei, statul \u00eei d\u0103 doar 100 de lei\u201d, a indicat Bogdan Ivan.<\/p>\n<p><a title=\"Sedinta de guvern: un proiect vital pentru cetatenii Romaniei, pe agenda. Decizie cruciala pentru pensionari\" href=\"https:\/\/www.realitatea.net\/stiri\/actual\/sedinta-de-guvern-un-proiect-vital-pentru-cetatenii-romaniei-pe-agenda-decizie-cruciala-pentru-pensionari_67ff2d20553427420d063fc3\">\u0218edin\u021b\u0103 de guvern: un proiect vital pentru cet\u0103\u021benii Rom\u00e2niei, pe agend\u0103. Decizie crucial\u0103 pentru pensionari<\/a><\/p>","protected":false},"excerpt":{"rendered":"<p>\u201dSubiectul voucherelor de vacan\u021b\u0103 &#8211; vorbim despre un mecanism foarte simplu de decontare care a&hellip;<\/p>\n","protected":false},"author":0,"featured_media":47632,"comment_status":"open","ping_status":"open","sticky":false,"template":"","format":"standard","meta":{"footnotes":""},"categories":[2],"tags":[],"class_list":["post-47631","post","type-post","status-publish","format-standard","has-post-thumbnail","hentry","category-actual"],"_links":{"self":[{"href":"https:\/\/247stiri.ro\/index.php\/wp-json\/wp\/v2\/posts\/47631","targetHints":{"allow":["GET"]}}],"collection":[{"href":"https:\/\/247stiri.ro\/index.php\/wp-json\/wp\/v2\/posts"}],"about":[{"href":"https:\/\/247stiri.ro\/index.php\/wp-json\/wp\/v2\/types\/post"}],"replies":[{"embeddable":true,"href":"https:\/\/247stiri.ro\/index.php\/wp-json\/wp\/v2\/comments?post=47631"}],"version-history":[{"count":0,"href":"https:\/\/247stiri.ro\/index.php\/wp-json\/wp\/v2\/posts\/47631\/revisions"}],"wp:featuredmedia":[{"embeddable":true,"href":"https:\/\/247stiri.ro\/index.php\/wp-json\/wp\/v2\/media\/47632"}],"wp:attachment":[{"href":"https:\/\/247stiri.ro\/index.php\/wp-json\/wp\/v2\/media?parent=47631"}],"wp:term":[{"taxonomy":"category","embeddable":true,"href":"https:\/\/247stiri.ro\/index.php\/wp-json\/wp\/v2\/categories?post=47631"},{"taxonomy":"post_tag","embeddable":true,"href":"https:\/\/247stiri.ro\/index.php\/wp-json\/wp\/v2\/tags?post=47631"}],"curies":[{"name":"wp","href":"https:\/\/api.w.org\/{rel}","templated":true}]}}