{"id":47645,"date":"2025-04-16T13:44:52","date_gmt":"2025-04-16T13:44:52","guid":{"rendered":"https:\/\/247stiri.ro\/index.php\/2025\/04\/16\/incident-halucinant-in-cluj-11-indivizi-retinuti-pentru-violarea-unei-minore-de-13-ani\/"},"modified":"2025-04-16T13:44:52","modified_gmt":"2025-04-16T13:44:52","slug":"incident-halucinant-in-cluj-11-indivizi-retinuti-pentru-violarea-unei-minore-de-13-ani","status":"publish","type":"post","link":"https:\/\/247stiri.ro\/index.php\/2025\/04\/16\/incident-halucinant-in-cluj-11-indivizi-retinuti-pentru-violarea-unei-minore-de-13-ani\/","title":{"rendered":"Incident halucinant \u00een Cluj. 11 indivizi re\u021binu\u021bi pentru violarea unei minore de 13 ani"},"content":{"rendered":"<p>\u201dPoli\u021bi\u0219tii din cadrul Poli\u021biei Municipiului Dej &#8211; Sec\u021bia 5 Poli\u021bie Rural\u0103 Dej, sub coordonarea Parchetului de pe l\u00e2ng\u0103 Judec\u0103toria Dej au documentat \u0219i instrumentat un dosar penal ce vizeaz\u0103 infrac\u021biunea de viol s\u0103v\u00e2r\u0219it asupra unui minor, \u00een cadrul c\u0103ruia au fost dispuse m\u0103suri preventive fa\u021b\u0103 de 11 persoane. Din cercet\u0103ri a reie\u0219it faptul c\u0103, \u00een cursul anului 2025, o minor\u0103 de 13 ani ar fi \u00eentre\u021binut<a href=\"https:\/\/www.realitatea.net\/stiri\/actual\/fata-de-13-ani-din-arad-violata-ani-la-rand-de-tatal-vitreg-totul-cu-complicitatea-mamei_67dad669cb6ecc589673bdc2\" target=\"_blank\"> raporturi sexuale<\/a> cu mai multe persoane de sex masculin, cu v\u00e2rste cuprinse \u00eentre 15 \u0219i 30 de ani\u201d, se arat\u0103 \u00eentr-o informare trimis\u0103, miercuri, de IPJ Cluj.<\/p>\n<p>Potrivit reprezentan\u021bilor IPJ Cluj , \u00een cursul lunii aprilie, \u00een urma cercet\u0103rilor efectuate, poli\u021bi\u0219tii au dispus m\u0103sura re\u021binerii fa\u021b\u0103 de toate cele 11 persoane. \u00cen 10 \u0219i 14 aprilie a.c., judec\u0103torul de drepturi \u0219i libert\u0103\u021bi din cadrul Judec\u0103toriei Dej a dispus arestarea preventiv\u0103 a 7 b\u0103nui\u021bi, iar pe numele a 4 persoane s-a dispus m\u0103sura controlului judiciar.<\/p>\n<p>\u00cen acest caz, poli\u021bi\u0219tii efectueaz\u0103 cercet\u0103ri \u00een vederea document\u0103rii \u00eentregii activit\u0103\u021bi infrac\u021bionale, iar dac\u0103 vor fi g\u0103si\u021bi vinova\u021bi suspec\u021bii vor petrece ani grei dup\u0103 gratii.\u00a0<\/p>","protected":false},"excerpt":{"rendered":"<p>\u201dPoli\u021bi\u0219tii din cadrul Poli\u021biei Municipiului Dej &#8211; Sec\u021bia 5 Poli\u021bie Rural\u0103 Dej, sub coordonarea Parchetului&hellip;<\/p>\n","protected":false},"author":0,"featured_media":47646,"comment_status":"open","ping_status":"open","sticky":false,"template":"","format":"standard","meta":{"footnotes":""},"categories":[2],"tags":[],"class_list":["post-47645","post","type-post","status-publish","format-standard","has-post-thumbnail","hentry","category-actual"],"_links":{"self":[{"href":"https:\/\/247stiri.ro\/index.php\/wp-json\/wp\/v2\/posts\/47645","targetHints":{"allow":["GET"]}}],"collection":[{"href":"https:\/\/247stiri.ro\/index.php\/wp-json\/wp\/v2\/posts"}],"about":[{"href":"https:\/\/247stiri.ro\/index.php\/wp-json\/wp\/v2\/types\/post"}],"replies":[{"embeddable":true,"href":"https:\/\/247stiri.ro\/index.php\/wp-json\/wp\/v2\/comments?post=47645"}],"version-history":[{"count":0,"href":"https:\/\/247stiri.ro\/index.php\/wp-json\/wp\/v2\/posts\/47645\/revisions"}],"wp:featuredmedia":[{"embeddable":true,"href":"https:\/\/247stiri.ro\/index.php\/wp-json\/wp\/v2\/media\/47646"}],"wp:attachment":[{"href":"https:\/\/247stiri.ro\/index.php\/wp-json\/wp\/v2\/media?parent=47645"}],"wp:term":[{"taxonomy":"category","embeddable":true,"href":"https:\/\/247stiri.ro\/index.php\/wp-json\/wp\/v2\/categories?post=47645"},{"taxonomy":"post_tag","embeddable":true,"href":"https:\/\/247stiri.ro\/index.php\/wp-json\/wp\/v2\/tags?post=47645"}],"curies":[{"name":"wp","href":"https:\/\/api.w.org\/{rel}","templated":true}]}}