{"id":47647,"date":"2025-04-16T13:44:52","date_gmt":"2025-04-16T13:44:52","guid":{"rendered":"https:\/\/247stiri.ro\/index.php\/2025\/04\/16\/accident-grav-in-brasov-un-motocioclist-de-21-de-ani-a-murit-dupa-ce-s-a-rasturnat-in-afara-carosabilului-de-pe-dn-1\/"},"modified":"2025-04-16T13:44:52","modified_gmt":"2025-04-16T13:44:52","slug":"accident-grav-in-brasov-un-motocioclist-de-21-de-ani-a-murit-dupa-ce-s-a-rasturnat-in-afara-carosabilului-de-pe-dn-1","status":"publish","type":"post","link":"https:\/\/247stiri.ro\/index.php\/2025\/04\/16\/accident-grav-in-brasov-un-motocioclist-de-21-de-ani-a-murit-dupa-ce-s-a-rasturnat-in-afara-carosabilului-de-pe-dn-1\/","title":{"rendered":"Accident grav \u00een Bra\u0219ov. Un motocioclist de 21 de ani a murit dup\u0103 ce s-a r\u0103sturnat \u00een afara carosabilului de pe DN 1"},"content":{"rendered":"<p class=\"\">Un grav accident de circula\u021bie a avut loc \u00een aceast\u0103 diminea\u021b\u0103 pe DN 1, \u00een apropierea localit\u0103\u021bii Vl\u0103deni, jude\u021bul Bra\u0219ov. Traficul rutier se desf\u0103\u0219oar\u0103 cu restric\u021bii \u00een zon\u0103, dup\u0103 ce un motociclist a pierdut controlul vehiculului \u0219i a ie\u0219it \u00een afara p\u0103r\u021bii carosabile.<\/p>\n<p class=\"\">Potrivit informa\u021biilor preliminare oferite de autorit\u0103\u021bi, \u00een accident a fost implicat\u0103 o singur\u0103 motociclet\u0103. Conduc\u0103torul acesteia, un t\u00e2n\u0103r \u00een v\u00e2rst\u0103 de 21 de ani din municipiul Sighi\u0219oara, a suferit leziuni grave. Din p\u0103cate, echipajul medical sosit la fa\u021ba locului nu a mai putut face nimic pentru a-i salva via\u021ba, fiind declarat decesul.<\/p>\n<p class=\"\">La fa\u021ba locului ac\u021bioneaz\u0103 echipaje de poli\u021bie, iar cercet\u0103rile sunt \u00een desf\u0103\u0219urare pentru stabilirea cauzelor exacte ale accidentului. Ancheta este coordonat\u0103 de un procuror din cadrul parchetului competent, fiind deschis un dosar penal.<\/p>\n<p class=\"\">Poli\u021bia Rutier\u0103 Bra\u0219ov face apel la conduc\u0103torii auto s\u0103 circule cu pruden\u021b\u0103, s\u0103 adapteze viteza la condi\u021biile de drum \u0219i s\u0103 respecte indica\u021biile poli\u021bi\u0219tilor rutieri prezen\u021bi \u00een zon\u0103.<\/p>\n<p class=\"\">Traficul va fi reluat \u00een totalitate imediat ce vor fi finalizate toate activit\u0103\u021bile de cercetare.<\/p>\n<p>\u00a0<\/p>","protected":false},"excerpt":{"rendered":"<p>Un grav accident de circula\u021bie a avut loc \u00een aceast\u0103 diminea\u021b\u0103 pe DN 1, \u00een&hellip;<\/p>\n","protected":false},"author":0,"featured_media":47648,"comment_status":"open","ping_status":"open","sticky":false,"template":"","format":"standard","meta":{"footnotes":""},"categories":[2],"tags":[],"class_list":["post-47647","post","type-post","status-publish","format-standard","has-post-thumbnail","hentry","category-actual"],"_links":{"self":[{"href":"https:\/\/247stiri.ro\/index.php\/wp-json\/wp\/v2\/posts\/47647","targetHints":{"allow":["GET"]}}],"collection":[{"href":"https:\/\/247stiri.ro\/index.php\/wp-json\/wp\/v2\/posts"}],"about":[{"href":"https:\/\/247stiri.ro\/index.php\/wp-json\/wp\/v2\/types\/post"}],"replies":[{"embeddable":true,"href":"https:\/\/247stiri.ro\/index.php\/wp-json\/wp\/v2\/comments?post=47647"}],"version-history":[{"count":0,"href":"https:\/\/247stiri.ro\/index.php\/wp-json\/wp\/v2\/posts\/47647\/revisions"}],"wp:featuredmedia":[{"embeddable":true,"href":"https:\/\/247stiri.ro\/index.php\/wp-json\/wp\/v2\/media\/47648"}],"wp:attachment":[{"href":"https:\/\/247stiri.ro\/index.php\/wp-json\/wp\/v2\/media?parent=47647"}],"wp:term":[{"taxonomy":"category","embeddable":true,"href":"https:\/\/247stiri.ro\/index.php\/wp-json\/wp\/v2\/categories?post=47647"},{"taxonomy":"post_tag","embeddable":true,"href":"https:\/\/247stiri.ro\/index.php\/wp-json\/wp\/v2\/tags?post=47647"}],"curies":[{"name":"wp","href":"https:\/\/api.w.org\/{rel}","templated":true}]}}