{"id":47654,"date":"2025-04-16T13:44:55","date_gmt":"2025-04-16T13:44:55","guid":{"rendered":"https:\/\/247stiri.ro\/index.php\/2025\/04\/16\/tanarul-prieten-cu-vlad-pascu-mort-de-supradoza-a-fost-lasat-de-amicii-drogati-sa-agonizeze-in-mijlocul-strazii-l-am-auzit-pe-fratele-meu-cum-face-urat-pe-fundal\/"},"modified":"2025-04-16T13:44:55","modified_gmt":"2025-04-16T13:44:55","slug":"tanarul-prieten-cu-vlad-pascu-mort-de-supradoza-a-fost-lasat-de-amicii-drogati-sa-agonizeze-in-mijlocul-strazii-l-am-auzit-pe-fratele-meu-cum-face-urat-pe-fundal","status":"publish","type":"post","link":"https:\/\/247stiri.ro\/index.php\/2025\/04\/16\/tanarul-prieten-cu-vlad-pascu-mort-de-supradoza-a-fost-lasat-de-amicii-drogati-sa-agonizeze-in-mijlocul-strazii-l-am-auzit-pe-fratele-meu-cum-face-urat-pe-fundal\/","title":{"rendered":"T\u00e2n\u0103rul prieten cu Vlad Pascu, mort de supradoz\u0103, a fost l\u0103sat de amicii droga\u021bi s\u0103 agonizeze \u00een mijlocul str\u0103zii. \u201eL-am auzit pe fratele meu cum face ur\u00e2t pe fundal\u201d"},"content":{"rendered":"<p>Rare\u0219 Ion, cunoscut printre prietenii lui Vlad Pascu sub porecla de \u201eCastron\u201d a fost g\u0103sit f\u0103r\u0103 suflare \u00een apartamentul s\u0103u din sectorul 2. Rare\u0219 era cunoscut \u0219i \u00een mediul online, dup\u0103 ce un videoclip cu el drogat, cu mama sa l\u00e2ng\u0103 el \u00een ambulan\u021b\u0103, a str\u00e2ns zeci de mii de vizualiz\u0103ri. La distan\u021b\u0103 de c\u00e2teva s\u0103pt\u0103m\u00e2ni, t\u00e2n\u0103rul a ajuns s\u0103 moar\u0103 din cauza drogurilor. \u00cen ultimele s\u0103ptamani, t\u00e2n\u0103rul ar fi \u00eencercat s\u0103 renun\u021be la substantele interzise, spun sursele.<\/p>\n<p><a title=\"@clanul_din_romania\" href=\"https:\/\/www.tiktok.com\/@clanul_din_romania?refer=embed\" target=\"_blank\">@clanul_din_romania<\/a> HAI LA SPITAL<a title=\"caston\" href=\"https:\/\/www.tiktok.com\/tag\/caston?refer=embed\" target=\"_blank\">#caston<\/a><a title=\"saajungaundetrebuie\" href=\"https:\/\/www.tiktok.com\/tag\/saajungaundetrebuie?refer=embed\" target=\"_blank\">#saajungaundetrebuie<\/a><a title=\"saajungapeforyou\" href=\"https:\/\/www.tiktok.com\/tag\/saajungapeforyou?refer=embed\" target=\"_blank\">#saajungapeforyou<\/a><a title=\"saajungaviral\" href=\"https:\/\/www.tiktok.com\/tag\/saajungaviral?refer=embed\" target=\"_blank\">#saajungaviral<\/a><a title=\"stopdroguri\" href=\"https:\/\/www.tiktok.com\/tag\/stopdroguri?refer=embed\" target=\"_blank\">#stopdroguri<\/a><a title=\"spital\" href=\"https:\/\/www.tiktok.com\/tag\/spital?refer=embed\" target=\"_blank\">#spital<\/a><a title=\"mami\" href=\"https:\/\/www.tiktok.com\/tag\/mami?refer=embed\" target=\"_blank\">#mami<\/a><a title=\"bucuresti\" href=\"https:\/\/www.tiktok.com\/tag\/bucuresti?refer=embed\" target=\"_blank\">#bucuresti<\/a><a title=\"floreasca\" href=\"https:\/\/www.tiktok.com\/tag\/floreasca?refer=embed\" target=\"_blank\">#floreasca<\/a><a title=\"salvare\" href=\"https:\/\/www.tiktok.com\/tag\/salvare?refer=embed\" target=\"_blank\">#salvare<\/a> <a title=\"\u266c original sound - R.I.P RARE\u0218 \ud83d\udd4a\ufe0f\" href=\"https:\/\/www.tiktok.com\/music\/original-sound-7471674472006667030?refer=embed\" target=\"_blank\">\u266c original sound &#8211; R.I.P RARE\u0218 \ud83d\udd4a\ufe0f<\/a><\/p>\n<p>T\u00e2n\u0103rul de 20 de ani ar fi consumat substan\u021be interzise cu Maru, dealerul lui Vlad Pascu, beizadeaua drogat\u0103 care a ucis doi tineri. Cei din anturajul lui Maru \u00eel acuz\u0103 acum c\u0103 \u00een momentele dinaintea mor\u021bii starea lui Rare\u0219 se \u00eenr\u0103ut\u0103\u021bea vizibil, \u00eens\u0103 dealerul Maru a continuat s\u0103 filmeze, l\u0103s\u00e2ndu-l pe b\u0103iat s\u0103 agonizeze. Ambulan\u021ba a fost chemat\u0103 de iubita lui Rare\u0219.<\/p>\n<p><a title=\"Amanare a sentintei lui Vlad Pascu, in dosarul 2 Mai. Cum a decurs intalnirea dintre parintii victimelor tragediei si familia Pascu: declaratii cutremuratoare\" href=\"https:\/\/www.realitatea.net\/stiri\/actual\/amanare-a-sentintei-lui-vlad-pascu-in-dosarul-2-mai-cum-a-decurs-intalnirea-dintre-parintii-victimelor-tragediei-si-familia-pascu-declaratii-cutremuratoare_67f66160aaff8c373247c930\">Am\u00e2nare a sentin\u021bei lui Vlad Pascu, \u00een dosarul 2 Mai. Cum a decurs \u00eent\u00e2lnirea dintre p\u0103rin\u021bii victimelor tragediei \u0219i familia Pascu: declara\u021bii cutremur\u0103toare<\/a><\/p>\n<p>Fratele t\u00e2n\u0103rului mort de supradoz\u0103 sus\u021bine c\u0103 dealerul Maru l-a l\u0103sat pe podea pe Rare\u0219 \u0219i a plecat \u00eenainte s\u0103 vin\u0103 ambulan\u021ba. Acesta a povestit \u00eentr-un live pe platforma TikTok ce s-a \u00eent\u00e2mplat cu t\u00e2n\u0103rul de 20 de ani.<\/p>\n<p>\u201eEl l-a scos afar\u0103, Maru m-a sunat. L-am sunat pe fratele meu, dar mi-a r\u0103spuns Maru. L-am auzit pe fratele meu cum face ur\u00e2t pe fundal. Am v\u0103zut live-ul pe TikTok \u0219i eram panicat. I-am zis s\u0103 vin\u0103 acas\u0103 c\u0103 \u00eel cheam\u0103 mama \u0219i a zis c\u0103 nu, c\u0103 mai st\u0103, \u0219i dup\u0103 mi l-a dat pe Maru la telefon\u201d, a spus acesta.<\/p>\n<p>El a sus\u021binut totodat\u0103 c\u0103 Tudor Duma, dealerul cunoscut sub porecla de Maru, l-a asigurat c\u0103 fratele lui era bine.<\/p>\n<p>\u201eMaru a zis c\u0103 e bine, c\u0103 i s-a f\u0103cut r\u0103u acum, dar \u00eel trimite acas\u0103 c\u00e2nd se face mai bine, adic\u0103 imediat dup\u0103 ce \u00ee\u0219i mai ia o doz\u0103. O fat\u0103 a chemat salvarea. L-au l\u0103sat pe strad\u0103 \u0219i au chemat salvarea\u201d, a mai povestit fratele victimei.<\/p>\n<p><a title=\"@mortixz\" href=\"https:\/\/www.tiktok.com\/@mortixz?refer=embed\" target=\"_blank\">@mortixz<\/a> <a title=\"maru\" href=\"https:\/\/www.tiktok.com\/tag\/maru?refer=embed\" target=\"_blank\">#maru<\/a> <a title=\"castron\" href=\"https:\/\/www.tiktok.com\/tag\/castron?refer=embed\" target=\"_blank\">#castron<\/a> <a title=\"\u266c original sound - Mortix\" href=\"https:\/\/www.tiktok.com\/music\/original-sound-7493656270215023382?refer=embed\" target=\"_blank\">\u266c original sound &#8211; Mortix<\/a><\/p>\n<p>Prietenii t\u00e2n\u0103rului mort de supradoz\u0103 spun c\u0103, de fapt, t\u00e2n\u0103rul s-ar fi l\u0103sat de droguri de c\u00e2teva s\u0103pt\u0103m\u00e2ni \u0219i \u00eencerca s\u0103 conving\u0103 \u0219i al\u021bi tineri s\u0103 \u00eei urmeze exemplul.\u00a0La distan\u021b\u0103 de 7 ani, dup\u0103 ce a intrat \u00een anturajul lui Vlad Pascu, Rare\u0219 a dus o lupt\u0103 cu drogurile pe care, din p\u0103cate, a pierdut-o.<\/p>\n<p>Moartea t\u00e2n\u0103rului este cu at\u00e2t mai tragic\u0103 cu c\u00e2t acesta era considerat o persoan\u0103 cu poten\u021bial mare de viitor. La v\u00e2rst\u0103 de 13 ani, Rare\u0219 a ap\u0103rut \u00eentr-o emisiune TV \u00een care i-a impresionat pe realizatori prin dezinvoltura cu care prezenta o serie de experimente de fizic\u0103 \u0219i chimie.\u00a0<\/p>\n<p><a title=\"@vladpasculavolan\" href=\"https:\/\/www.tiktok.com\/@vladpasculavolan?refer=embed\" target=\"_blank\">@vladpasculavolan<\/a> \u201cIn seara asta vreau sa va las cu gura cascata\u201d.. <a title=\"rares\" href=\"https:\/\/www.tiktok.com\/tag\/rares?refer=embed\" target=\"_blank\">#rares<\/a> <a title=\"raresion\" href=\"https:\/\/www.tiktok.com\/tag\/raresion?refer=embed\" target=\"_blank\">#raresion<\/a> <a title=\"ion\" href=\"https:\/\/www.tiktok.com\/tag\/ion?refer=embed\" target=\"_blank\">#ion<\/a> <a title=\"castron\" href=\"https:\/\/www.tiktok.com\/tag\/castron?refer=embed\" target=\"_blank\">#castron<\/a> <a title=\"fy\" href=\"https:\/\/www.tiktok.com\/tag\/fy?refer=embed\" target=\"_blank\">#fy<\/a> <a title=\"\u266c sunet original - \ud83d\udde3\ufe0f\ud83d\udde3\ufe0f\" href=\"https:\/\/www.tiktok.com\/music\/sunet-original-7473849024162171670?refer=embed\" target=\"_blank\">\u266c sunet original &#8211; \ud83d\udde3\ufe0f\ud83d\udde3\ufe0f<\/a><\/p>","protected":false},"excerpt":{"rendered":"<p>Rare\u0219 Ion, cunoscut printre prietenii lui Vlad Pascu sub porecla de \u201eCastron\u201d a fost g\u0103sit&hellip;<\/p>\n","protected":false},"author":0,"featured_media":47655,"comment_status":"open","ping_status":"open","sticky":false,"template":"","format":"standard","meta":{"footnotes":""},"categories":[2],"tags":[],"class_list":["post-47654","post","type-post","status-publish","format-standard","has-post-thumbnail","hentry","category-actual"],"_links":{"self":[{"href":"https:\/\/247stiri.ro\/index.php\/wp-json\/wp\/v2\/posts\/47654","targetHints":{"allow":["GET"]}}],"collection":[{"href":"https:\/\/247stiri.ro\/index.php\/wp-json\/wp\/v2\/posts"}],"about":[{"href":"https:\/\/247stiri.ro\/index.php\/wp-json\/wp\/v2\/types\/post"}],"replies":[{"embeddable":true,"href":"https:\/\/247stiri.ro\/index.php\/wp-json\/wp\/v2\/comments?post=47654"}],"version-history":[{"count":0,"href":"https:\/\/247stiri.ro\/index.php\/wp-json\/wp\/v2\/posts\/47654\/revisions"}],"wp:featuredmedia":[{"embeddable":true,"href":"https:\/\/247stiri.ro\/index.php\/wp-json\/wp\/v2\/media\/47655"}],"wp:attachment":[{"href":"https:\/\/247stiri.ro\/index.php\/wp-json\/wp\/v2\/media?parent=47654"}],"wp:term":[{"taxonomy":"category","embeddable":true,"href":"https:\/\/247stiri.ro\/index.php\/wp-json\/wp\/v2\/categories?post=47654"},{"taxonomy":"post_tag","embeddable":true,"href":"https:\/\/247stiri.ro\/index.php\/wp-json\/wp\/v2\/tags?post=47654"}],"curies":[{"name":"wp","href":"https:\/\/api.w.org\/{rel}","templated":true}]}}