{"id":47662,"date":"2025-04-16T14:44:57","date_gmt":"2025-04-16T14:44:57","guid":{"rendered":"https:\/\/247stiri.ro\/index.php\/2025\/04\/16\/descoperire-socanta-in-timisoara-adolescenta-de-16-ani-gasita-spanzurata-in-propria-locuinta\/"},"modified":"2025-04-16T14:44:57","modified_gmt":"2025-04-16T14:44:57","slug":"descoperire-socanta-in-timisoara-adolescenta-de-16-ani-gasita-spanzurata-in-propria-locuinta","status":"publish","type":"post","link":"https:\/\/247stiri.ro\/index.php\/2025\/04\/16\/descoperire-socanta-in-timisoara-adolescenta-de-16-ani-gasita-spanzurata-in-propria-locuinta\/","title":{"rendered":"Descoperire \u0219ocant\u0103 \u00een Timi\u0219oara. Adolescent\u0103 de 16 ani, g\u0103sit\u0103 sp\u00e2nzurat\u0103 \u00een propria locuin\u021b\u0103"},"content":{"rendered":"<p>T\u00e2n\u0103ra a fost g\u0103sit\u0103, miercuri, sp\u00e2nzurat\u0103 \u00een propria cas\u0103, iar poli\u021bi\u0219tii au deschis un dosar penal pentru ucidere din culp\u0103 \u0219i investigheaz\u0103 circumstan\u021bele tragediei.<\/p>\n<p>Poli\u021bi\u0219tii Sec\u021biei 1 Timi\u0219oara spun c\u0103 au fost sesiza\u021bi printr-un apel la 112 cu privire la acest incident, deplas\u00e2ndu-se de urgen\u021b\u0103 la fa\u021ba locului.<\/p>\n<p>\u00cen urma verific\u0103rilor, s-a constatat decesul tinerei, iar trupul s\u0103u ne\u00eensufle\u021bit a fost transportat la Institutul de Medicin\u0103 Legal\u0103 Timi\u0219oara pentru efectuarea necropsiei.<\/p>\n<p>Surse din cadrul anchetei sus\u021bin c\u0103 fata ar fi decis <a href=\"https:\/\/www.realitatea.net\/stiri\/actual\/un-fost-portar-care-a-fost-legitimat-si-in-prima-liga-din-romania-sa-sinucis-avea-doar-47-de-ani_67d2d2754bb2c8690b24ea02\" target=\"_blank\">s\u0103 \u00ee\u0219i \u00eencheie socotelile cu via\u021ba<\/a> la doar 16 ani din cauza unei dezam\u0103giri \u00een dragoste.\u00a0<\/p>","protected":false},"excerpt":{"rendered":"<p>T\u00e2n\u0103ra a fost g\u0103sit\u0103, miercuri, sp\u00e2nzurat\u0103 \u00een propria cas\u0103, iar poli\u021bi\u0219tii au deschis un dosar&hellip;<\/p>\n","protected":false},"author":0,"featured_media":47663,"comment_status":"open","ping_status":"open","sticky":false,"template":"","format":"standard","meta":{"footnotes":""},"categories":[2],"tags":[],"class_list":["post-47662","post","type-post","status-publish","format-standard","has-post-thumbnail","hentry","category-actual"],"_links":{"self":[{"href":"https:\/\/247stiri.ro\/index.php\/wp-json\/wp\/v2\/posts\/47662","targetHints":{"allow":["GET"]}}],"collection":[{"href":"https:\/\/247stiri.ro\/index.php\/wp-json\/wp\/v2\/posts"}],"about":[{"href":"https:\/\/247stiri.ro\/index.php\/wp-json\/wp\/v2\/types\/post"}],"replies":[{"embeddable":true,"href":"https:\/\/247stiri.ro\/index.php\/wp-json\/wp\/v2\/comments?post=47662"}],"version-history":[{"count":0,"href":"https:\/\/247stiri.ro\/index.php\/wp-json\/wp\/v2\/posts\/47662\/revisions"}],"wp:featuredmedia":[{"embeddable":true,"href":"https:\/\/247stiri.ro\/index.php\/wp-json\/wp\/v2\/media\/47663"}],"wp:attachment":[{"href":"https:\/\/247stiri.ro\/index.php\/wp-json\/wp\/v2\/media?parent=47662"}],"wp:term":[{"taxonomy":"category","embeddable":true,"href":"https:\/\/247stiri.ro\/index.php\/wp-json\/wp\/v2\/categories?post=47662"},{"taxonomy":"post_tag","embeddable":true,"href":"https:\/\/247stiri.ro\/index.php\/wp-json\/wp\/v2\/tags?post=47662"}],"curies":[{"name":"wp","href":"https:\/\/api.w.org\/{rel}","templated":true}]}}