{"id":47664,"date":"2025-04-16T14:44:57","date_gmt":"2025-04-16T14:44:57","guid":{"rendered":"https:\/\/247stiri.ro\/index.php\/2025\/04\/16\/comisia-europeana-a-hotarat-ce-migranti-vor-avea-voie-la-liber-in-uniunea-europeana\/"},"modified":"2025-04-16T14:44:57","modified_gmt":"2025-04-16T14:44:57","slug":"comisia-europeana-a-hotarat-ce-migranti-vor-avea-voie-la-liber-in-uniunea-europeana","status":"publish","type":"post","link":"https:\/\/247stiri.ro\/index.php\/2025\/04\/16\/comisia-europeana-a-hotarat-ce-migranti-vor-avea-voie-la-liber-in-uniunea-europeana\/","title":{"rendered":"Comisia European\u0103 a hot\u0103r\u00e2t: Ce migran\u021bi vor avea voie, \u201ela liber\u201d, \u00een Uniunea European\u0103"},"content":{"rendered":"<p>Potrivit Bruxellesului, Kosovo, Bangladeshul, Columbia, Egiptul, India, Marocul \u015fi Tunisia &#8211; sunt considerate \u0163\u0103ri de origine a miga\u0163iei \u201dsigure\u201d.<\/p>\n<p>\u00a0<\/p>\n<p>Acest lucru \u00eenseamn\u0103 c\u0103 cet\u0103\u0163enii acestor \u0163\u0103ri nu pot fi refugia\u0163i. Ideea este ca cererile de azil s\u0103 le fie solu\u0163ionate rapid \u015fi s\u0103 fie reptria\u0163i rapid.<\/p>\n<p>O LIST\u0102 DINAMIC\u0102<\/p>\n<p>Mai multe state membre ale UE aplic\u0103 deja acest concept la nivel na\u0163ional.<\/p>\n<p>\u00a0<\/p>\n<p>Fran\u0163a, de exemplu, are o list\u0103 de zece \u0163\u0103ri pe care le consider\u0103 \u201dsigure\u201d &#8211; pe care apare Mongolia, Serbia sau Republica Capului Verde.<\/p>\n<p>\u00cens\u0103 nu exist\u0103 o list\u0103 comun\u0103 \u015fi armonizat\u0103 la nivelul UE.<\/p>\n<p>Potrivit unor oficiali europeni, acest lucru \u00eencurajeaz\u0103 \u00een prezent solicitan\u0163i de azil s\u0103 vizeze \u0163\u0103ri gazd\u0103 cu cel mai flexibile criterii.<\/p>\n<p>Comisia European\u0103 (CE) vrea s\u0103 rezolve aceast\u0103 problem\u0103 prin aceast\u0103 propunere, pe care a prezentat-o miercuri.<\/p>\n<p>Aceast\u0103 list\u0103 este \u201ddinamic\u0103\u201d \u015fi poate fi l\u0103rgit\u0103 sau restr\u00e2ns\u0103 \u00een fun\u0163cie de evolu\u0163ia situa\u0163iei drepturilor omului \u00een \u0163\u0103rile care apar pe ea, precizeaz\u0103 un oficial.<\/p>\n<p>Comisia consider\u0103 c\u0103 majoritatea \u0163\u0103rilor candidate la o aderare la UE \u00eendeplinesc, \u00een principiu, \u201dcriteriile s\u0103 fie desemnate \u0163\u0103ri de origine sigure\u201d.<\/p>\n<p>Conceptul acestei liste este \u00eens\u0103 aprig criticat de organiza\u0163ii nongiuernamentale (ONG) de protec\u0163ia migran\u0163ilor, potrivit c\u0103rora unele \u0163\u0103ri care apar pe list\u0103 &#8211; ca Tunisia, Egiptul sau Marocul &#8211; au fost criticate din cauza modului \u00een care gestioneazx\u0103 drepturile omului.<\/p>\n<p>\u201dAceste \u0163\u0103ri sunt cunoscute prin \u00eenc\u0103lcarea drepturilor omului\u201d, denun\u0163\u0103\u00a0EuroMed Rights.<\/p>\n<p>\u201dCalificarea lor ca sigure este \u00een\u015fel\u0103toare \u015fi periculoas\u0103\u201d, critic\u0103 pe X acest ONG.<\/p>\n<p>Comisia respinge toate aceste critici \u015fi d\u0103 asigur\u0103ir c\u0103 lista \u201dnu va suprima garan\u0163iile oferite solicitan\u0163ilor de azil\u201d, potrivt unui purt\u0103tor de cuv\u00e2nt,\u00a0Markus Lammert.<\/p>\n<p>\u00cen vederea intr\u0103rii \u00een vigoare a acestei propuneri, ea este necesar s\u0103 fie aprobat\u0103 at\u00e2t de c\u0103tre Parlamentul European (PE), c\u00e2t \u015fi de statele membre UE.<\/p>\n<p>\u00cens\u0103 acesta este un subiect foarte sensibil pe plan politic \u015fi risc\u0103 s\u0103 provoace dezacorduri \u00eentre Cei 27.<\/p>\n<p>DOSAR PROMOVAT DE LA ROMA<\/p>\n<p>Acest dosar este promovat de c\u0103tre Italia, care a salutat miercuri \u201dun succes al Guvernului italian\u201d.<\/p>\n<p>Fran\u0163a a r\u0103mas mai degrab\u0103 \u00een retragere \u00een negocieri, prefer\u00e2nd s\u0103 se pronun\u0163e asupra propunerii CE detaliat.<\/p>\n<p>Comisia a prezentat o list\u0103 de acest fel \u00een 2015.<\/p>\n<p>\u00cens\u0103 acest proiect a fost abandonat p\u00e2n\u0103 la urm\u0103, din cauza unor dezbateri aprige cu privire la ideea includerii sau nu a Turciei &#8211; cu un bilan\u0163 \u00eemp\u0103r\u0163it \u00een privin\u0163a independen\u0163ei justi\u0163iei, drepturilor minorit\u0103\u0163ilor \u015fi libert\u0103\u0163ii presei.<\/p>\n<p>Asupra Bruxellesului se exercit\u0103 presiuni pentru ca s\u0103-\u015fi \u00een\u0103spreasc\u0103 politica migra\u0163iei, \u00een contextul unei ascensiuni a extremei drepte pe \u00eentregul continent.<\/p>\n<p>La jum\u0103tatea lui martie, Comisia a prezentat m\u0103suri \u00een vederea unei acceler\u0103ri a expulz\u0103rilor str\u0103inilor afla\u0163\u0103i \u00een situa\u0163ie neregulat\u0103.<\/p>\n<p>Comisia a propus un cadru legal \u00een vederea \u00eenfiin\u0163\u0103rii unor centre de migran\u0163i \u00een afara frontierelor UE &#8211; faimoasele \u201dcentre de \u00eentoarcere\u201d.<\/p>","protected":false},"excerpt":{"rendered":"<p>Potrivit Bruxellesului, Kosovo, Bangladeshul, Columbia, Egiptul, India, Marocul \u015fi Tunisia &#8211; sunt considerate \u0163\u0103ri de&hellip;<\/p>\n","protected":false},"author":0,"featured_media":47657,"comment_status":"open","ping_status":"open","sticky":false,"template":"","format":"standard","meta":{"footnotes":""},"categories":[2],"tags":[],"class_list":["post-47664","post","type-post","status-publish","format-standard","has-post-thumbnail","hentry","category-actual"],"_links":{"self":[{"href":"https:\/\/247stiri.ro\/index.php\/wp-json\/wp\/v2\/posts\/47664","targetHints":{"allow":["GET"]}}],"collection":[{"href":"https:\/\/247stiri.ro\/index.php\/wp-json\/wp\/v2\/posts"}],"about":[{"href":"https:\/\/247stiri.ro\/index.php\/wp-json\/wp\/v2\/types\/post"}],"replies":[{"embeddable":true,"href":"https:\/\/247stiri.ro\/index.php\/wp-json\/wp\/v2\/comments?post=47664"}],"version-history":[{"count":0,"href":"https:\/\/247stiri.ro\/index.php\/wp-json\/wp\/v2\/posts\/47664\/revisions"}],"wp:featuredmedia":[{"embeddable":true,"href":"https:\/\/247stiri.ro\/index.php\/wp-json\/wp\/v2\/media\/47657"}],"wp:attachment":[{"href":"https:\/\/247stiri.ro\/index.php\/wp-json\/wp\/v2\/media?parent=47664"}],"wp:term":[{"taxonomy":"category","embeddable":true,"href":"https:\/\/247stiri.ro\/index.php\/wp-json\/wp\/v2\/categories?post=47664"},{"taxonomy":"post_tag","embeddable":true,"href":"https:\/\/247stiri.ro\/index.php\/wp-json\/wp\/v2\/tags?post=47664"}],"curies":[{"name":"wp","href":"https:\/\/api.w.org\/{rel}","templated":true}]}}