{"id":47669,"date":"2025-04-16T14:44:59","date_gmt":"2025-04-16T14:44:59","guid":{"rendered":"https:\/\/247stiri.ro\/index.php\/2025\/04\/16\/ancheta-soc-in-cazul-mortii-lui-rares-ion-mascatii-au-descins-la-locuinta-dealerului-lui-vlad-pascu-maru-ajunge-la-diicot\/"},"modified":"2025-04-16T14:44:59","modified_gmt":"2025-04-16T14:44:59","slug":"ancheta-soc-in-cazul-mortii-lui-rares-ion-mascatii-au-descins-la-locuinta-dealerului-lui-vlad-pascu-maru-ajunge-la-diicot","status":"publish","type":"post","link":"https:\/\/247stiri.ro\/index.php\/2025\/04\/16\/ancheta-soc-in-cazul-mortii-lui-rares-ion-mascatii-au-descins-la-locuinta-dealerului-lui-vlad-pascu-maru-ajunge-la-diicot\/","title":{"rendered":"Anchet\u0103 \u0219oc \u00een cazul mor\u021bii lui Rare\u0219 Ion. Masca\u021bii au descins la locuin\u021ba dealerului lui Vlad Pascu. Maru ajunge la DIICOT"},"content":{"rendered":"<p>Rare\u0219 Ion, cunoscut printre prietenii lui Vlad Pascu sub porecla de \u201eCastron\u201d a fost g\u0103sit f\u0103r\u0103 suflare \u00een apartamentul s\u0103u din Sectorul 2. Rare\u0219 era cunoscut \u0219i \u00een mediul online, dup\u0103 ce un videoclip cu el drogat, cu mama sa l\u00e2ng\u0103 el \u00een ambulan\u021b\u0103, a str\u00e2ns zeci de mii de vizualiz\u0103ri. La distan\u021b\u0103 de c\u00e2teva s\u0103pt\u0103m\u00e2ni, t\u00e2n\u0103rul a ajuns s\u0103 moar\u0103 din cauza drogurilor. \u00cen ultimele s\u0103ptamani, t\u00e2n\u0103rul ar fi \u00eencercat s\u0103 renun\u021be la substantele interzise, spun sursele.<\/p>\n<p>T\u00e2n\u0103rul de 20 de ani ar fi consumat substan\u021be interzise cu Maru, dealerul lui Vlad Pascu, beizadeaua drogat\u0103 care a ucis doi tineri.<\/p>\n<p>Fratele t\u00e2n\u0103rului mort de supradoz\u0103 sus\u021bine c\u0103 dealerul Maru l-a l\u0103sat pe podea pe Rare\u0219 \u0219i a plecat \u00eenainte s\u0103 vin\u0103 ambulan\u021ba.<\/p>\n<p>\u00cen exclusivitate la REALITATEA PLUS, tat\u0103l lui Sebi Olariu, t\u00e2n\u0103rul ucis de Vlad Pascu, a spus c\u0103 dealerul de droguri nu trebuia s\u0103 ias\u0103 din \u00eenchisoare, acolo unde ajunsese \u00een anul 2023, \u00een dosarul tragediei 2 Mai.<\/p>\n<p>\u201dNu m\u0103 mir\u0103 faptul c\u0103 justi\u021bia nu \u0219i-a f\u0103cut \u00eenc\u0103 o dat\u0103 treaba. Justi\u021bianoastr\u0103 care trebuie s\u0103 moar\u0103 cineva. Maru s\u0103 \u00eenfunde pu\u0219c\u0103ria la fel ca \u0219i Vlad Pascu, nu trebuie eliberat\u201d, a declarat tat\u0103l lui Sebastian Olaru.\u00a0<\/p>\n<p>Prietenii t\u00e2n\u0103rului mort de supradoz\u0103 spun c\u0103, de fapt, t\u00e2n\u0103rul s-ar fi l\u0103sat de droguri de c\u00e2teva s\u0103pt\u0103m\u00e2ni \u0219i \u00eencerca s\u0103 conving\u0103 \u0219i al\u021bi tineri s\u0103 \u00eei urmeze exemplul.<\/p>\n<p>La 13 ani, Rare\u0219 Ion era un copil cu poten\u021bial. A participat la un concurs de talente \u0219i a vorbit despre \u0219tiin\u021b\u0103 \u0219i cercetare. Din p\u0103cate, la distan\u021b\u0103 de 7 ani, dup\u0103 ce a intrat \u00een anturajul lui Vlad Pascu, Rare\u0219 a dus o lupt\u0103 cu drogurile pe care, din p\u0103cate, a pierdut-o.<\/p>","protected":false},"excerpt":{"rendered":"<p>Rare\u0219 Ion, cunoscut printre prietenii lui Vlad Pascu sub porecla de \u201eCastron\u201d a fost g\u0103sit&hellip;<\/p>\n","protected":false},"author":0,"featured_media":47670,"comment_status":"open","ping_status":"open","sticky":false,"template":"","format":"standard","meta":{"footnotes":""},"categories":[2],"tags":[],"class_list":["post-47669","post","type-post","status-publish","format-standard","has-post-thumbnail","hentry","category-actual"],"_links":{"self":[{"href":"https:\/\/247stiri.ro\/index.php\/wp-json\/wp\/v2\/posts\/47669","targetHints":{"allow":["GET"]}}],"collection":[{"href":"https:\/\/247stiri.ro\/index.php\/wp-json\/wp\/v2\/posts"}],"about":[{"href":"https:\/\/247stiri.ro\/index.php\/wp-json\/wp\/v2\/types\/post"}],"replies":[{"embeddable":true,"href":"https:\/\/247stiri.ro\/index.php\/wp-json\/wp\/v2\/comments?post=47669"}],"version-history":[{"count":0,"href":"https:\/\/247stiri.ro\/index.php\/wp-json\/wp\/v2\/posts\/47669\/revisions"}],"wp:featuredmedia":[{"embeddable":true,"href":"https:\/\/247stiri.ro\/index.php\/wp-json\/wp\/v2\/media\/47670"}],"wp:attachment":[{"href":"https:\/\/247stiri.ro\/index.php\/wp-json\/wp\/v2\/media?parent=47669"}],"wp:term":[{"taxonomy":"category","embeddable":true,"href":"https:\/\/247stiri.ro\/index.php\/wp-json\/wp\/v2\/categories?post=47669"},{"taxonomy":"post_tag","embeddable":true,"href":"https:\/\/247stiri.ro\/index.php\/wp-json\/wp\/v2\/tags?post=47669"}],"curies":[{"name":"wp","href":"https:\/\/api.w.org\/{rel}","templated":true}]}}