{"id":47671,"date":"2025-04-16T14:45:00","date_gmt":"2025-04-16T14:45:00","guid":{"rendered":"https:\/\/247stiri.ro\/index.php\/2025\/04\/16\/guvernul-a-aprobat-initierea-negocierilor-privind-instituirea-unei-comisii-care-sa-solutioneze-cererile-de-despagubiri-pentru-ucraina\/"},"modified":"2025-04-16T14:45:00","modified_gmt":"2025-04-16T14:45:00","slug":"guvernul-a-aprobat-initierea-negocierilor-privind-instituirea-unei-comisii-care-sa-solutioneze-cererile-de-despagubiri-pentru-ucraina","status":"publish","type":"post","link":"https:\/\/247stiri.ro\/index.php\/2025\/04\/16\/guvernul-a-aprobat-initierea-negocierilor-privind-instituirea-unei-comisii-care-sa-solutioneze-cererile-de-despagubiri-pentru-ucraina\/","title":{"rendered":"Guvernul a aprobat ini\u021bierea negocierilor privind instituirea unei comisii care s\u0103 solu\u021bioneze cererile de desp\u0103gubiri pentru Ucraina"},"content":{"rendered":"<p>Printre documentele aprobate \u00een \u0219edin\u021ba de miercuri se num\u0103r\u0103 un memorandum cu tema: \u201eAprobarea ini\u021bierii negocierii tratatului de instituire a unei Comisii Interna\u021bionale privind cererile de desp\u0103gubiri pentru Ucraina\u201d.\u201eActul normativ aprob\u0103 ini\u021bierea negocierilor pentru \u00eencheierea unui tratat privind instituirea unei Comisii Interna\u021bionale care s\u0103 solu\u021bioneze cererile de desp\u0103gubiri cauzate Ucrainei de agresiunea Federa\u021biei Ruse. Viitorul mecanism de desp\u0103gubiri ce urmeaz\u0103 a fi stabilit ar putea include o comisie de solu\u021bionare a cererilor de desp\u0103gubiri \u0219i un fond de desp\u0103gubiri mandatate s\u0103 examineze \u0219i s\u0103 decid\u0103 cu privire la cererile de desp\u0103gubiri \u0219i\/sau s\u0103 pl\u0103teasc\u0103 desp\u0103gubiri pentru daunele, pierderile sau prejudiciile cauzate prin faptele ilicite la nivel interna\u021bional ale Federa\u021biei Ruse \u00een Ucraina sau \u00eempotriva Ucrainei. Mecanismul de compensare va fi succesorul &#8216;Registrului daunelor cauzate de agresiunea Federa\u021biei Ruse \u00eempotriva Ucrainei&#8217;, \u00eenfiin\u021bat \u00een anul 2023 pe baza unui Acord par\u021bial extins sub auspiciile Consiliului Europei\u201d, se arat\u0103 \u00een comunicat.Sursa citat\u0103 subliniaz\u0103 c\u0103 documentul va \u00eembr\u0103ca forma unei conven\u021bii deschise sub auspiciile Consiliului Europei sau a unui tratat interna\u021bional separat.\u201eComisia va fi organizat\u0103 ca structur\u0103 \u00een cadrul Consiliului Europei sau ca entitate distinct\u0103, cu personalitate juridic\u0103 interna\u021bional\u0103. Aceste decizii vor fi luate \u00een cadrul negocierilor programate, urm\u00e2nd ca procesul de negociere s\u0103 fie finalizat prin organizarea unei conferin\u021be diplomatice de adoptare a tratatului interna\u021bional, \u00een noiembrie 2025. Tratatul interna\u021bional va implementa Rezolu\u021bia A\/RES\/ES-11\/5 a Adun\u0103rii Generale a ONU din 14 noiembrie 2022, care prevede c\u0103 Federa\u021bia Rus\u0103 trebuie tras\u0103 la r\u0103spundere pentru \u00eenc\u0103lc\u0103rile dreptului interna\u021bional \u00een sau \u00eempotriva Ucrainei \u0219i trebuie s\u0103 suporte consecin\u021bele juridice ale tuturor faptelor sale ilicite pe plan interna\u021bional, inclusiv repararea prejudiciilor, cauzate de astfel de acte. Rom\u00e2nia a f\u0103cut parte din grupul statelor care au votat \u00een favoarea adopt\u0103rii rezolu\u021biei \u0219i, \u00een acest context, se num\u0103r\u0103 printre statele invitate s\u0103 participe la negocieri\u201d, mai arat\u0103 Executivul.<\/p>","protected":false},"excerpt":{"rendered":"<p>Printre documentele aprobate \u00een \u0219edin\u021ba de miercuri se num\u0103r\u0103 un memorandum cu tema: \u201eAprobarea ini\u021bierii&hellip;<\/p>\n","protected":false},"author":0,"featured_media":47659,"comment_status":"open","ping_status":"open","sticky":false,"template":"","format":"standard","meta":{"footnotes":""},"categories":[2],"tags":[],"class_list":["post-47671","post","type-post","status-publish","format-standard","has-post-thumbnail","hentry","category-actual"],"_links":{"self":[{"href":"https:\/\/247stiri.ro\/index.php\/wp-json\/wp\/v2\/posts\/47671","targetHints":{"allow":["GET"]}}],"collection":[{"href":"https:\/\/247stiri.ro\/index.php\/wp-json\/wp\/v2\/posts"}],"about":[{"href":"https:\/\/247stiri.ro\/index.php\/wp-json\/wp\/v2\/types\/post"}],"replies":[{"embeddable":true,"href":"https:\/\/247stiri.ro\/index.php\/wp-json\/wp\/v2\/comments?post=47671"}],"version-history":[{"count":0,"href":"https:\/\/247stiri.ro\/index.php\/wp-json\/wp\/v2\/posts\/47671\/revisions"}],"wp:featuredmedia":[{"embeddable":true,"href":"https:\/\/247stiri.ro\/index.php\/wp-json\/wp\/v2\/media\/47659"}],"wp:attachment":[{"href":"https:\/\/247stiri.ro\/index.php\/wp-json\/wp\/v2\/media?parent=47671"}],"wp:term":[{"taxonomy":"category","embeddable":true,"href":"https:\/\/247stiri.ro\/index.php\/wp-json\/wp\/v2\/categories?post=47671"},{"taxonomy":"post_tag","embeddable":true,"href":"https:\/\/247stiri.ro\/index.php\/wp-json\/wp\/v2\/tags?post=47671"}],"curies":[{"name":"wp","href":"https:\/\/api.w.org\/{rel}","templated":true}]}}