{"id":47674,"date":"2025-04-16T14:45:02","date_gmt":"2025-04-16T14:45:02","guid":{"rendered":"https:\/\/247stiri.ro\/index.php\/2025\/04\/16\/directorul-bibliotecii-academiei-romane-in-cei-35-de-ani-de-dupa-1989-am-avut-30-de-ministri-ai-educatiei-iar-intre-1881-1916-au-fost-10-ministri-cum-sa-existe-continuitate\/"},"modified":"2025-04-16T14:45:02","modified_gmt":"2025-04-16T14:45:02","slug":"directorul-bibliotecii-academiei-romane-in-cei-35-de-ani-de-dupa-1989-am-avut-30-de-ministri-ai-educatiei-iar-intre-1881-1916-au-fost-10-ministri-cum-sa-existe-continuitate","status":"publish","type":"post","link":"https:\/\/247stiri.ro\/index.php\/2025\/04\/16\/directorul-bibliotecii-academiei-romane-in-cei-35-de-ani-de-dupa-1989-am-avut-30-de-ministri-ai-educatiei-iar-intre-1881-1916-au-fost-10-ministri-cum-sa-existe-continuitate\/","title":{"rendered":"Directorul Bibliotecii Academiei Rom\u00e2ne: \u201e\u00cen cei 35 de ani de dup\u0103 1989 am avut 30 de mini\u0219tri ai Educa\u021biei, iar \u00eentre 1881-1916 au fost 10 mini\u0219tri. Cum s\u0103 existe continuitate?\u201d"},"content":{"rendered":"<p>\u201eDup\u0103 1989, \u00een 35 de ani, am avut 30 de mini\u0219tri. Cum s\u0103 existe continuitate?\u201d, a \u00eentrebat retoric Noica, ad\u0103ug\u00e2nd: \u201eToat\u0103 lumea e specialist\u0103 \u00een domeniile respective\u201d, a mai ad\u0103ugat.<\/p>\n<p>Academicianul a comparat instabilitatea politic\u0103 actual\u0103 cu exemplul de durabilitate oferit de Academia Rom\u00e2n\u0103 \u0219i Biblioteca sa: \u201eAceast\u0103 bibliotec\u0103 exist\u0103 din 1867. Din 1867 p\u00e2n\u0103 azi, au fost doar 10 directori. Iar marele Ioan Vianu a fost director 50 de ani. P\u0103i cum s\u0103 nu fac\u0103 treab\u0103?\u201d<\/p>\n<p>\u00cen opinia sa, continuitatea este o condi\u021bie a performan\u021bei institu\u021bionale. A reamintit c\u0103 \u00eentre 1881 \u0219i 1916, Rom\u00e2nia a avut mini\u0219tri ai Educa\u021biei care au marcat cu adev\u0103rat \u00eenv\u0103\u021b\u0103m\u00e2ntul rom\u00e2nesc, printre care Tache Ionescu sau Spiru Haret, oameni care au pus bazele unor politici durabile, nu doar m\u0103suri de criz\u0103.<\/p>\n<p>Acesta a criticat \u0219i modul \u00een care disciplina Istorie a fost redus\u0103 la o singur\u0103 or\u0103 pe s\u0103pt\u0103m\u00e2n\u0103, atr\u0103g\u00e2nd aten\u021bia asupra efectelor pe termen lung ale acestei decizii: \u201eIstoria\u00a0face\u00a0parte,\u00a0ca\u00a0\u0219i\u00a0limba\u00a0rom\u00e2n\u0103\u00a0\u0219i\u00a0geografia,\u00a0din\u00a0materiile\u00a0identitare.\u00a0A\u0219a\u00a0c\u0103\u00a0o\u00a0singur\u0103\u00a0or\u0103\u00a0de\u00a0istorie\u00a0pe\u00a0s\u0103pt\u0103m\u00e2n\u0103\u00a0este\u00a0nu\u00a0pu\u021bin,\u00a0ci\u00a0inacceptabil.\u201d<\/p>\n<p>Academicianul sus\u021bine o abordare cronologic\u0103 a pred\u0103rii istoriei, \u00een care epoci importante, precum perioada comunist\u0103 sau Holocaustul, s\u0103 fie integrate \u00een cadrul general al istoriei rom\u00e2nilor, nu tratate separat. \u201eNu v\u0103d rostul s\u0103 rupem trecutul \u00een buc\u0103\u021bi. Istoria comunismului este parte din istoria noastr\u0103. Trebuie s\u0103 o \u00een\u021belegem, nu s\u0103 o izol\u0103m.\u201d<\/p>\n<p>Nicolae Noica a vorbit despre nevoia de cunoa\u0219tere a proprieii r\u0103d\u0103cini: \u201eTrebuie s\u0103 ne cunoa\u0219tem r\u0103d\u0103cinile de familie \u0219i de neam. Mul\u021bi tineri nu \u0219tiu cum \u00eei cheam\u0103 pe str\u0103bunicii lor.\u201d<\/p>","protected":false},"excerpt":{"rendered":"<p>\u201eDup\u0103 1989, \u00een 35 de ani, am avut 30 de mini\u0219tri. Cum s\u0103 existe continuitate?\u201d,&hellip;<\/p>\n","protected":false},"author":0,"featured_media":47675,"comment_status":"open","ping_status":"open","sticky":false,"template":"","format":"standard","meta":{"footnotes":""},"categories":[2],"tags":[],"class_list":["post-47674","post","type-post","status-publish","format-standard","has-post-thumbnail","hentry","category-actual"],"_links":{"self":[{"href":"https:\/\/247stiri.ro\/index.php\/wp-json\/wp\/v2\/posts\/47674","targetHints":{"allow":["GET"]}}],"collection":[{"href":"https:\/\/247stiri.ro\/index.php\/wp-json\/wp\/v2\/posts"}],"about":[{"href":"https:\/\/247stiri.ro\/index.php\/wp-json\/wp\/v2\/types\/post"}],"replies":[{"embeddable":true,"href":"https:\/\/247stiri.ro\/index.php\/wp-json\/wp\/v2\/comments?post=47674"}],"version-history":[{"count":0,"href":"https:\/\/247stiri.ro\/index.php\/wp-json\/wp\/v2\/posts\/47674\/revisions"}],"wp:featuredmedia":[{"embeddable":true,"href":"https:\/\/247stiri.ro\/index.php\/wp-json\/wp\/v2\/media\/47675"}],"wp:attachment":[{"href":"https:\/\/247stiri.ro\/index.php\/wp-json\/wp\/v2\/media?parent=47674"}],"wp:term":[{"taxonomy":"category","embeddable":true,"href":"https:\/\/247stiri.ro\/index.php\/wp-json\/wp\/v2\/categories?post=47674"},{"taxonomy":"post_tag","embeddable":true,"href":"https:\/\/247stiri.ro\/index.php\/wp-json\/wp\/v2\/tags?post=47674"}],"curies":[{"name":"wp","href":"https:\/\/api.w.org\/{rel}","templated":true}]}}