{"id":47683,"date":"2025-04-16T15:45:08","date_gmt":"2025-04-16T15:45:08","guid":{"rendered":"https:\/\/247stiri.ro\/index.php\/2025\/04\/16\/tragedie-la-o-stana-din-bacau-un-copil-de-3-ani-a-murit-dupa-ce-a-baut-o-solutie-pentru-tratarea-oilor\/"},"modified":"2025-04-16T15:45:08","modified_gmt":"2025-04-16T15:45:08","slug":"tragedie-la-o-stana-din-bacau-un-copil-de-3-ani-a-murit-dupa-ce-a-baut-o-solutie-pentru-tratarea-oilor","status":"publish","type":"post","link":"https:\/\/247stiri.ro\/index.php\/2025\/04\/16\/tragedie-la-o-stana-din-bacau-un-copil-de-3-ani-a-murit-dupa-ce-a-baut-o-solutie-pentru-tratarea-oilor\/","title":{"rendered":"Tragedie la o st\u00e2n\u0103 din Bac\u0103u. Un copil de 3 ani a murit dup\u0103 ce a b\u0103ut o solu\u021bie pentru tratarea oilor"},"content":{"rendered":"<p>Incidentul s-a petrecut la st\u00e2na bunicilor micu\u021bului din comuna C\u0103iu\u021bi, jude\u021bul Bac\u0103u, \u0219i se pare c\u0103 minorul se afla \u00eempreun\u0103 cu bunicul s\u0103u.<\/p>\n<p>Poli\u021bi\u0219tii Sec\u021biei 10 Poli\u021bie Rural\u0103 One\u0219ti spun c\u0103 un moment de neaten\u021bie <a href=\"https:\/\/www.realitatea.net\/stiri\/actual\/un-copil-de-7-ani-a-murit-dupa-ce-a-inhalat-insecticid-minorul-sia-dat-ultima-suflare-sub-ochii-tatalui_6671897e0482c17b4179a6d7\" target=\"_blank\">i-a fost fatal <\/a>micu\u021bului care a b\u0103ut o solu\u021bie pentru ungerea oilor.\u00a0<\/p>\n<p>\u201eDin primele cercet\u0103ri a reie\u0219it faptul c\u0103, minorul, \u00een timp ce se afla cu bunicul lui \u00een v\u00e2rst\u0103 de 51 de ani, la o st\u00e2n\u0103 din comuna C\u0103iu\u021bi, ar fi ingerat o substan\u021b\u0103 toxic\u0103, dintr-un recipient din plastic\u201d, a transmis Poli\u021bia.\u00a0<\/p>\n<p>\u00cen acest caz, cercet\u0103rile sunt continuate \u00een cadrul unui \u201edosar penal, sub aspectul s\u0103v\u00e2r\u0219irii infrac\u021biunii de ucidere din culp\u0103\u201d.<\/p>","protected":false},"excerpt":{"rendered":"<p>Incidentul s-a petrecut la st\u00e2na bunicilor micu\u021bului din comuna C\u0103iu\u021bi, jude\u021bul Bac\u0103u, \u0219i se pare&hellip;<\/p>\n","protected":false},"author":0,"featured_media":47684,"comment_status":"open","ping_status":"open","sticky":false,"template":"","format":"standard","meta":{"footnotes":""},"categories":[2],"tags":[],"class_list":["post-47683","post","type-post","status-publish","format-standard","has-post-thumbnail","hentry","category-actual"],"_links":{"self":[{"href":"https:\/\/247stiri.ro\/index.php\/wp-json\/wp\/v2\/posts\/47683","targetHints":{"allow":["GET"]}}],"collection":[{"href":"https:\/\/247stiri.ro\/index.php\/wp-json\/wp\/v2\/posts"}],"about":[{"href":"https:\/\/247stiri.ro\/index.php\/wp-json\/wp\/v2\/types\/post"}],"replies":[{"embeddable":true,"href":"https:\/\/247stiri.ro\/index.php\/wp-json\/wp\/v2\/comments?post=47683"}],"version-history":[{"count":0,"href":"https:\/\/247stiri.ro\/index.php\/wp-json\/wp\/v2\/posts\/47683\/revisions"}],"wp:featuredmedia":[{"embeddable":true,"href":"https:\/\/247stiri.ro\/index.php\/wp-json\/wp\/v2\/media\/47684"}],"wp:attachment":[{"href":"https:\/\/247stiri.ro\/index.php\/wp-json\/wp\/v2\/media?parent=47683"}],"wp:term":[{"taxonomy":"category","embeddable":true,"href":"https:\/\/247stiri.ro\/index.php\/wp-json\/wp\/v2\/categories?post=47683"},{"taxonomy":"post_tag","embeddable":true,"href":"https:\/\/247stiri.ro\/index.php\/wp-json\/wp\/v2\/tags?post=47683"}],"curies":[{"name":"wp","href":"https:\/\/api.w.org\/{rel}","templated":true}]}}