{"id":47685,"date":"2025-04-16T16:44:49","date_gmt":"2025-04-16T16:44:49","guid":{"rendered":"https:\/\/247stiri.ro\/index.php\/2025\/04\/16\/principala-cauza-a-cancerului-de-colon-la-varsta-sub-50-de-ani-este-un-aliment-adesea-trecut-cu-vederea-avertizeaza-medicii\/"},"modified":"2025-04-16T16:44:49","modified_gmt":"2025-04-16T16:44:49","slug":"principala-cauza-a-cancerului-de-colon-la-varsta-sub-50-de-ani-este-un-aliment-adesea-trecut-cu-vederea-avertizeaza-medicii","status":"publish","type":"post","link":"https:\/\/247stiri.ro\/index.php\/2025\/04\/16\/principala-cauza-a-cancerului-de-colon-la-varsta-sub-50-de-ani-este-un-aliment-adesea-trecut-cu-vederea-avertizeaza-medicii\/","title":{"rendered":"Principala cauz\u0103 a cancerului de colon la v\u00e2rsta sub 50 de ani: Este \u201eun aliment adesea trecut cu vederea\u201d, avertizeaz\u0103 medicii"},"content":{"rendered":"<p>Cercet\u0103rile sugereaz\u0103 c\u0103, \u00een ultimii 30 de ani, diagnosticele recente ale acestei boli au crescut cu 80 % \u00een \u00eentreaga lume. Oamenii de \u0219tiin\u021b\u0103 au sugerat c\u0103 o serie de factori sunt probabil la originea acestui fenomen, de la cre\u0219terea polu\u0103rii la cre\u0219terea obezit\u0103\u021bii \u0219i chiar particule invizibile de plastic \u00een apa potabil\u0103.<\/p>\n<p>Cu toate acestea, acum speciali\u0219tii \u00een cancer de la NYU Langone Health din New York au declarat c\u0103 un consum de carne procesat\u0103 de c\u0103tre genera\u021bia t\u00e2n\u0103r\u0103 este \u201etrecut cu vederea\u201d de c\u0103tre medici.<\/p>\n<p>\u201eDe\u0219i \u00eemi sf\u0103tuiesc \u00een mod obi\u0219nuit pacien\u021bii cu privire la stilul de via\u021b\u0103 \u0219i factorii de risc alimentari, inclusiv carnea procesat\u0103, nu sunt sigur c\u00e2t de des acest lucru este men\u021bionat \u00een mod specific de medici, \u00een practic\u0103\u201d,\u00a0a declarat pentru dr. Peter S. Liang, medic oncolog \u0219i cercet\u0103tor la NYU, pentru\u00a0dailymail.<\/p>\n<p>\u201eAcorda\u021bi aten\u021bie la ceea ce m\u00e2nca\u021bi. Reduce\u021bi c\u00e2t pute\u021bi de mult carnea procedat\u0103\u201d,\u00a0sus\u021bine dr.\u00a0Liang.<\/p>\n<p>\u00centre timp, dr. David Johnson, profesor de medicin\u0103 \u0219i \u0219ef al sec\u021biei de gastroenterologie de la Eastern Virginia Medical School, a ad\u0103ugat c\u0103, din experien\u021ba sa, con\u0219tientizarea riscurilor c\u0103rnii procesate\u00a0\u201enu este larg r\u0103sp\u00e2ndit\u0103\u201d\u00a0\u00een r\u00e2ndul medicilor.<\/p>\n<p>Organiza\u021bia Mondial\u0103 a S\u0103n\u0103t\u0103\u021bii (OMS) o clasific\u0103 drept cancerigen\u0103 de clasa \u00eent\u00e2i, al\u0103turi de fumat \u0219i alcool.<\/p>\n<p>Carnea procesat\u0103 este definit\u0103 din punct de vedere medical ca fiind \u201ecarnea care a fost modificat\u0103 prin metode precum s\u0103rarea, maturarea, fermentarea sau afumarea pentru a spori aroma sau conservarea\u201d.<\/p>\n<p>Cite\u0219te continuarea <a href=\"https:\/\/adevarul.ro\/stil-de-viata\/viata-sanatoasa\/principala-cauza-a-cancerului-de-colon-la-varsta-2436772.html\" target=\"_blank\">aici<\/a>.<\/p>","protected":false},"excerpt":{"rendered":"<p>Cercet\u0103rile sugereaz\u0103 c\u0103, \u00een ultimii 30 de ani, diagnosticele recente ale acestei boli au crescut&hellip;<\/p>\n","protected":false},"author":0,"featured_media":47686,"comment_status":"open","ping_status":"open","sticky":false,"template":"","format":"standard","meta":{"footnotes":""},"categories":[8],"tags":[],"class_list":["post-47685","post","type-post","status-publish","format-standard","has-post-thumbnail","hentry","category-lifestyle"],"_links":{"self":[{"href":"https:\/\/247stiri.ro\/index.php\/wp-json\/wp\/v2\/posts\/47685","targetHints":{"allow":["GET"]}}],"collection":[{"href":"https:\/\/247stiri.ro\/index.php\/wp-json\/wp\/v2\/posts"}],"about":[{"href":"https:\/\/247stiri.ro\/index.php\/wp-json\/wp\/v2\/types\/post"}],"replies":[{"embeddable":true,"href":"https:\/\/247stiri.ro\/index.php\/wp-json\/wp\/v2\/comments?post=47685"}],"version-history":[{"count":0,"href":"https:\/\/247stiri.ro\/index.php\/wp-json\/wp\/v2\/posts\/47685\/revisions"}],"wp:featuredmedia":[{"embeddable":true,"href":"https:\/\/247stiri.ro\/index.php\/wp-json\/wp\/v2\/media\/47686"}],"wp:attachment":[{"href":"https:\/\/247stiri.ro\/index.php\/wp-json\/wp\/v2\/media?parent=47685"}],"wp:term":[{"taxonomy":"category","embeddable":true,"href":"https:\/\/247stiri.ro\/index.php\/wp-json\/wp\/v2\/categories?post=47685"},{"taxonomy":"post_tag","embeddable":true,"href":"https:\/\/247stiri.ro\/index.php\/wp-json\/wp\/v2\/tags?post=47685"}],"curies":[{"name":"wp","href":"https:\/\/api.w.org\/{rel}","templated":true}]}}