{"id":47699,"date":"2025-04-16T17:45:30","date_gmt":"2025-04-16T17:45:30","guid":{"rendered":"https:\/\/247stiri.ro\/index.php\/2025\/04\/16\/primaria-capitalei-va-consolida-si-reabilita-pasajele-lujerului-bucur-obor-si-podul-baneasa-care-este-valoarea-investitiilor\/"},"modified":"2025-04-16T17:45:30","modified_gmt":"2025-04-16T17:45:30","slug":"primaria-capitalei-va-consolida-si-reabilita-pasajele-lujerului-bucur-obor-si-podul-baneasa-care-este-valoarea-investitiilor","status":"publish","type":"post","link":"https:\/\/247stiri.ro\/index.php\/2025\/04\/16\/primaria-capitalei-va-consolida-si-reabilita-pasajele-lujerului-bucur-obor-si-podul-baneasa-care-este-valoarea-investitiilor\/","title":{"rendered":"Prim\u0103ria Capitalei va consolida \u0219i reabilita pasajele Lujerului, Bucur Obor \u015fi Podul B\u0103neasa. Care este valoarea investi\u021biilor"},"content":{"rendered":"<p>\u201dPrim\u0103ria Capitalei va demara procedurile pentru consolidarea \u015fi reabilitarea pasajelor Lujerului, Bucur Obor \u015fi pentru Podul B\u0103neasa, aflate \u00eentr-o stare tehnic\u0103 nesatisf\u0103c\u0103toare. Conform expertizelor tehnice, au fost identificate degrad\u0103ri majore, precum fisuri \u00een structura de rezisten\u0163\u0103, arm\u0103turi corodate \u015fi infiltra\u0163ii\u201dm, anun\u0163\u0103, miercuri sear\u0103, primarul general al Capitalei, Nicu\u015for Dan.<\/p>\n<p>Acesta precizeaz\u0103 c\u0103 membrii Consiliului General al Municipiului Bucure\u015fti au aprobat indicatorii tehnico-economici \u015fi finan\u0163area necesar\u0103 pentru aceste interven\u0163ii.<\/p>\n<p>\u201dAstfel, putem demara procedurile de achizi\u0163ie public\u0103 \u00een vederea consolid\u0103rii \u015fi reabilit\u0103rii celor trei pasaje. Este un pas esen\u0163ial pentru siguran\u0163a \u015fi mobilitatea urban\u0103 din Capital\u0103. Chiar dac\u0103 bugetul Municipiului Bucure\u015fti a fost serios afectat de t\u0103ierile impuse de actualul Guvern, nu putem l\u0103sa investi\u0163iile care \u0163in direct de siguran\u0163a traficului s\u0103 stagneze\u201d, a mai transmis primarul general.<\/p>\n<p>Potrivit acestuia, investi\u0163ia estimat\u0103 pentru fiecare pasaj este dup\u0103 cum urmeaz\u0103:<\/p>\n<p>&#8211; Pasajul Lujerului \u2013 392.666.858 lei,<\/p>\n<p>&#8211; Pasajul Bucur Obor \u2013 222.334.988 lei,<\/p>\n<p>&#8211; Podul B\u0103neasa \u2013 42.541.251 lei.<\/p>","protected":false},"excerpt":{"rendered":"<p>\u201dPrim\u0103ria Capitalei va demara procedurile pentru consolidarea \u015fi reabilitarea pasajelor Lujerului, Bucur Obor \u015fi pentru&hellip;<\/p>\n","protected":false},"author":0,"featured_media":47700,"comment_status":"open","ping_status":"open","sticky":false,"template":"","format":"standard","meta":{"footnotes":""},"categories":[2],"tags":[],"class_list":["post-47699","post","type-post","status-publish","format-standard","has-post-thumbnail","hentry","category-actual"],"_links":{"self":[{"href":"https:\/\/247stiri.ro\/index.php\/wp-json\/wp\/v2\/posts\/47699","targetHints":{"allow":["GET"]}}],"collection":[{"href":"https:\/\/247stiri.ro\/index.php\/wp-json\/wp\/v2\/posts"}],"about":[{"href":"https:\/\/247stiri.ro\/index.php\/wp-json\/wp\/v2\/types\/post"}],"replies":[{"embeddable":true,"href":"https:\/\/247stiri.ro\/index.php\/wp-json\/wp\/v2\/comments?post=47699"}],"version-history":[{"count":0,"href":"https:\/\/247stiri.ro\/index.php\/wp-json\/wp\/v2\/posts\/47699\/revisions"}],"wp:featuredmedia":[{"embeddable":true,"href":"https:\/\/247stiri.ro\/index.php\/wp-json\/wp\/v2\/media\/47700"}],"wp:attachment":[{"href":"https:\/\/247stiri.ro\/index.php\/wp-json\/wp\/v2\/media?parent=47699"}],"wp:term":[{"taxonomy":"category","embeddable":true,"href":"https:\/\/247stiri.ro\/index.php\/wp-json\/wp\/v2\/categories?post=47699"},{"taxonomy":"post_tag","embeddable":true,"href":"https:\/\/247stiri.ro\/index.php\/wp-json\/wp\/v2\/tags?post=47699"}],"curies":[{"name":"wp","href":"https:\/\/api.w.org\/{rel}","templated":true}]}}