{"id":47701,"date":"2025-04-16T17:45:31","date_gmt":"2025-04-16T17:45:31","guid":{"rendered":"https:\/\/247stiri.ro\/index.php\/2025\/04\/16\/printul-paul-de-romania-pus-in-libertate-de-magistratii-francezi-in-romania-are-de-executat-3-an-si-4-luni-de-inchisoare\/"},"modified":"2025-04-16T17:45:31","modified_gmt":"2025-04-16T17:45:31","slug":"printul-paul-de-romania-pus-in-libertate-de-magistratii-francezi-in-romania-are-de-executat-3-an-si-4-luni-de-inchisoare","status":"publish","type":"post","link":"https:\/\/247stiri.ro\/index.php\/2025\/04\/16\/printul-paul-de-romania-pus-in-libertate-de-magistratii-francezi-in-romania-are-de-executat-3-an-si-4-luni-de-inchisoare\/","title":{"rendered":"Prin\u021bul Paul de Rom\u00e2nia, pus \u00een libertate de magistra\u021bii francezi. \u00cen Rom\u00e2nia are de executat 3 an \u0219i 4 luni de \u00eenchisoare"},"content":{"rendered":"<p>Paul Philippe al Rom\u00e2niei, \u00een v\u00e2rst\u0103 de 76 de ani,\u00a0a fost re\u0163inut la domiciliu s\u0103u din Paris \u015fi apoi \u00eencarcerat pe 7 aprilie\u00a0\u00een cadrul unui\u00a0nou mandat de arestare european\u00a0emis pe 30 ianuarie de autorit\u0103\u0163ile rom\u00e2ne.<\/p>\n<p>Camera de extr\u0103d\u0103ri a Cur\u0163ii de Apel din Paris a ordonat punerea sa \u00een libertate \u015fi plasarea sa sub control judiciar, cu interdic\u0163ia de a p\u0103r\u0103si teritoriul francez.\u00a0<\/p>\n<p>\u201eAceast\u0103 decizie confirm\u0103 c\u0103 Fran\u0163a, ca \u015fi alte jurisdic\u0163ii europene, refuz\u0103 s\u0103 devin\u0103 instrumentul unei persecu\u0163ii judiciare \u015fi politice orchestrate de statul rom\u00e2n, \u00een unicul scop de a-l \u00eempiedica s\u0103-\u015fi valorifice drepturile la succesiunea regal\u0103\u201d,\u00a0 transmis avocatul s\u0103u Miriame Laichi.\u00a0<\/p>\n<p>Prin\u021bul Paul, \u00een v\u00e2rst\u0103 de 76 de ani, a fost condamnat \u00een dosarul retroced\u0103rii Fermei B\u0103neasa, \u00een decembrie 2020, de \u00cenalta Curte de Casa\u021bie \u0219i Justi\u021bie, la pedeapsa de 3 ani \u015fi 4 luni de \u00eenchisoare pentru s\u0103v\u00e2r\u0219irea infrac\u021biunilor de cump\u0103rare de influen\u021b\u0103 \u0219i complicitate la abuz \u00een serviciu.<\/p>\n<p>Acesta a fugit din Rom\u00e2nia, \u00een 2020, \u015fi s-a stabilit la Paris, dup\u0103 ce a fost g\u0103sit vinovat de restituirea ilegal\u0103 a unor bunuri imobiliare de l\u00e2ng\u0103 Bucure\u015fti, asupra c\u0103rora autorit\u0103\u0163ile au afirmat c\u0103 acesta \u015fi-a revendicat \u00een mod fals dreptul de proprietate.<\/p>\n<p>Autointitulatul prin\u021b al Rom\u00e2niei, Paul-Philippe, a fost arestat\u00a0\u0219i \u00een Malta, \u00een aprilie 2024, \u00een baza unui mandat european,\u00a0\u00een timp ce participa la o conferin\u021b\u0103 organizat\u0103 de Cavalerii de la Malta la Valletta. Cu toate acestea, a fost eliberat ulterior, fiind respins\u0103\u00a0cererea de extr\u0103dare.<\/p>\n<p>De asemenea, \u00een 2022, acesta a mai fost re\u021binut \u00een capitala Fran\u021bei, dar o instan\u021b\u0103 din Paris a refuzat, de asemenea, s\u0103 \u00eel extr\u0103deze \u00een Rom\u00e2nia.\u00a0<\/p>","protected":false},"excerpt":{"rendered":"<p>Paul Philippe al Rom\u00e2niei, \u00een v\u00e2rst\u0103 de 76 de ani,\u00a0a fost re\u0163inut la domiciliu s\u0103u&hellip;<\/p>\n","protected":false},"author":0,"featured_media":47702,"comment_status":"open","ping_status":"open","sticky":false,"template":"","format":"standard","meta":{"footnotes":""},"categories":[2],"tags":[],"class_list":["post-47701","post","type-post","status-publish","format-standard","has-post-thumbnail","hentry","category-actual"],"_links":{"self":[{"href":"https:\/\/247stiri.ro\/index.php\/wp-json\/wp\/v2\/posts\/47701","targetHints":{"allow":["GET"]}}],"collection":[{"href":"https:\/\/247stiri.ro\/index.php\/wp-json\/wp\/v2\/posts"}],"about":[{"href":"https:\/\/247stiri.ro\/index.php\/wp-json\/wp\/v2\/types\/post"}],"replies":[{"embeddable":true,"href":"https:\/\/247stiri.ro\/index.php\/wp-json\/wp\/v2\/comments?post=47701"}],"version-history":[{"count":0,"href":"https:\/\/247stiri.ro\/index.php\/wp-json\/wp\/v2\/posts\/47701\/revisions"}],"wp:featuredmedia":[{"embeddable":true,"href":"https:\/\/247stiri.ro\/index.php\/wp-json\/wp\/v2\/media\/47702"}],"wp:attachment":[{"href":"https:\/\/247stiri.ro\/index.php\/wp-json\/wp\/v2\/media?parent=47701"}],"wp:term":[{"taxonomy":"category","embeddable":true,"href":"https:\/\/247stiri.ro\/index.php\/wp-json\/wp\/v2\/categories?post=47701"},{"taxonomy":"post_tag","embeddable":true,"href":"https:\/\/247stiri.ro\/index.php\/wp-json\/wp\/v2\/tags?post=47701"}],"curies":[{"name":"wp","href":"https:\/\/api.w.org\/{rel}","templated":true}]}}