{"id":47705,"date":"2025-04-16T17:45:33","date_gmt":"2025-04-16T17:45:33","guid":{"rendered":"https:\/\/247stiri.ro\/index.php\/2025\/04\/16\/ministrul-energiei-ii-linisteste-pe-romani-un-paste-cu-lumina-aprinsa-nu-exista-risc-de-black-out-in-romania\/"},"modified":"2025-04-16T17:45:33","modified_gmt":"2025-04-16T17:45:33","slug":"ministrul-energiei-ii-linisteste-pe-romani-un-paste-cu-lumina-aprinsa-nu-exista-risc-de-black-out-in-romania","status":"publish","type":"post","link":"https:\/\/247stiri.ro\/index.php\/2025\/04\/16\/ministrul-energiei-ii-linisteste-pe-romani-un-paste-cu-lumina-aprinsa-nu-exista-risc-de-black-out-in-romania\/","title":{"rendered":"Ministrul Energiei \u00eei lini\u0219te\u0219te pe romani: \u201dUn Pa\u015fte cu lumina aprins\u0103! Nu exist\u0103 risc de black-out \u00een Rom\u00e2nia\u201d"},"content":{"rendered":"<p>\u201dUN PA\u015eTE CU LUMINA APRINS\u0102! A\u015fa cum am anun\u0163at \u00een Duminica Floriilor, ieri am organizat un nou comandament energetic cu to\u0163i speciali\u015ftii din sectorul energetic, de la principalii produc\u0103tori de energie, Transelectrica, operatori de distribu\u0163ie, operatori de servicii de stocare (da, stocarea a \u00eenceput s\u0103 se vad\u0103 zilnic \u00een mixul energetic na\u0163ional, s\u0103 conteze \u015fi s\u0103 ne ajute la echilibrare). Mi-au fost prezentate scenariile \u015fi provoc\u0103rile cu care se confrunt\u0103 \u00eentreaga regiune, dar cel mai important am agreat m\u0103surile necesare pentru a avea cu to\u0163ii, credincio\u015fi ortodoc\u015fi \u015fi catolici, un Pa\u015fte cu lumina aprins\u0103 at\u00e2t \u00een suflet, c\u00e2t \u015fi \u00een case\u201d, a transmis <a href=\"https:\/\/www.realitatea.net\/stiri\/actual\/burduja-asigura-ca-romania-nu-se-va-confrunta-cu-pene-de-curent-de-paste-principalii-furnizori-ai-serviciilor-de-stocare-de-energie-sunt-pregatiti-sa-absorba-energie-in-exces-nu-avem-motive-de-ingrijorare_67fe910cc3ba5a05de5e2153\" target=\"_blank\">ministrul Energiei<\/a> \u00eentr-o postare pe Facebook.<\/p>\n\n<p>\u201dTransmit din capul locului ceea ce speciali\u015ftii mi-au transmis: NU exist\u0103 risc de black-out \u00een Rom\u00e2nia, \u00een condi\u0163iile actuale! \u00cei rog pe reprezentan\u0163ii presei, dar \u015fi pe actorii politici, s\u0103 dea dovad\u0103 de responsabilitate \u015fi s\u0103 nu induc\u0103 panica.<\/p>\n<p>Pe scurt, vom avea dou\u0103 zile &#8211; prima \u015fi a doua zi de Pa\u015fte, \u00een special \u00eentre orele 11-16 &#8211; \u00een care vom produce mai mult\u0103 energie electric\u0103 dec\u00e2t necesarul de consum. Va trebui s\u0103 gestion\u0103m foarte atent echilibrarea sistemului, nivelurile de frecven\u0163\u0103 \u015fi tensiune at\u00e2t \u00een re\u0163eaua electric\u0103 de transport, c\u00e2t \u015fi \u00een re\u0163eaua electric\u0103 de distribu\u0163ie, pentru a nu cauza deterior\u0103ri ale izola\u0163iei instala\u0163iilor din SEN\u201d, a mai spus oficialul.\u00a0<\/p>\n<p>De asemenea, \u0219eful de la Energie a subliniat c\u0103 nu este nimic anormal ca de Pa\u015fte consumul na\u0163ional s\u0103 fie cel mai mic din an.<\/p>\n<p>\u201dAsta se \u00eent\u00e2mpl\u0103 de cele mai multe ori. Iar odat\u0103 cu investi\u0163iile masive \u00een noi capacit\u0103\u0163i de produc\u0163ie solar+eolian \u015fi cele de la prosumatori, ne a\u015ftept\u0103m la un consum \u00een ziua de Pa\u015fte, la orele dup\u0103-amiezii, \u00een jurul valorii de 2500MW, un nivel extrem de redus\u201d, a men\u021bionat Sebastian Burduja.<\/p>\n<p>Potrivit lui, provocarea cea mai mare vine din faptul c\u0103 situa\u0163ia descris\u0103 pentru Rom\u00e2nia este similar\u0103 cu a multor \u0163\u0103ri din Europa.<\/p>\n<p>\u201dDeci \u201capetitul\u201d pentru a importa energie de pe alte pie\u0163e, inclusiv din Rom\u00e2nia, va fi redus. Din acest motiv la nivelul ENTSO-E a fost activat\u0103, la ini\u0163iativa Rom\u00e2niei, o grup\u0103 de lucru care s\u0103 analizeze situa\u0163ia din fiecare sistem, s\u0103 identifice problemele, riscurile asociate \u015fi s\u0103 coordoneze posibilit\u0103\u0163ile tehnice de \u00eentrajutorare. Da, va fi o perioad\u0103 de stres \u00een r\u00e2ndul celor care gestioneaz\u0103 sistemul energetic na\u0163ional. Nu este nici prima, nici ultima. Iar noi facem ca de fiecare dat\u0103 ceea ce trebuie &#8211; ne preg\u0103tim din timp \u015fi r\u0103m\u00e2nem la datorie\u201d, arat\u0103 ministrul Energiei. Ministrul Burduja afirm\u0103 c\u0103 m\u0103surile de precau\u0163ie \u015fi control pe care speciali\u015ftii i le-au prezentat vizeaz\u0103 reducerea excedentului de energie electric\u0103 activ\u0103. \u201dAceasta se poate realiza prin reducerea produc\u0163iei \u015fi cre\u015fterea consumului de energie electric\u0103\u201d, a afirmat acesta.\u00a0<\/p>\n<p>Mai mult, Burduja a \u021binut s\u0103 precizeze c\u0103 \u201dHidroelectrica, \u00een baza dispozi\u0163iilor de dispecer, este dispus\u0103 s\u0103-\u015fi reduc\u0103 produc\u0163ia de energie electric\u0103 p\u00e2n\u0103 la zero MW \u015fi va programa func\u0163ionarea pompelor din amenaj\u0103rile Lotru, Sebe\u015f \u015fi Dr\u0103gan pe golurile de sarcin\u0103, asigur\u00e2nd astfel o cre\u015ftere a consumului de energie electric\u0103 de aproximativ 40 \u2013 50 MW\u201d.<\/p>\n<p>\u201dELCEN va avea toate grupurile oprite \u015fi va asigura doar necesarul de termoficare din CAF-uri. CE Oltenia va avea dou\u0103 grupuri \u00een func\u0163iune. \u00cen caz de necesitate, a fost preg\u0103tit\u0103 o schem\u0103 special\u0103 de func\u0163ionare a celor dou\u0103 grupuri, care va permite reducerea produc\u0163iei la aproximativ 80-90 MW\/grup. CNE Cernavod\u0103 va func\u0163iona echilibrat, corespunz\u0103tor contractelor comerciale pe care le vor avea. Dac\u0103 acestea nu vor acoperi puterea disponibil\u0103 a grupurilor, acestea vor func\u0163iona desc\u0103rcat. Reducerea de putere pe care o pot realiza, f\u0103r\u0103 impact major asupra U1 \u015fi U2 este de 140 MW\/unitate (20% din puterea instalat\u0103\/unitate). Doar \u00een caz excep\u0163ional lu\u0103m \u00een considerare posibilitatea de a putea reduce 280 MW\/unitate (40% din puterea instalat\u0103\/unitate). Instala\u0163iile de stocare cu baterii vor func\u0163iona \u00een regim de \u00eenc\u0103rcare (de consumator) pe golurile de sarcin\u0103, asigur\u00e2nd astfel o cre\u015ftere a consumului de energie electric\u0103 de aproximativ 50 MW pe o perioad\u0103 de aproximativ 6 ore. Ast\u0103zi avem instala\u0163ii de stocare aflate \u00een exploatare comercial\u0103 de aproximativ 330 MW. \u00cen doar 15 luni am ajuns de la 16 MW la 330 MW \u015fi asta face ca ast\u0103zi s\u0103 avem stocarea pe agenda de discu\u0163ii a \u015fedin\u0163elor de comandament energetic\u201d, arat\u0103 ministrul Burduja. \u00a0<\/p>\n<p>Totodat\u0103, el a men\u021bionat c\u0103 \u201dse vor aten\u0163iona furnizorii de energie electric\u0103 \u015fi clien\u0163ii racorda\u0163i la re\u0163eaua electric\u0103 de distribu\u0163ie s\u0103-\u015fi respecte prevederile din ATR, respectiv din certificatele de racordare, iar energia electric\u0103 injectat\u0103 \u00een punctul de racordare s\u0103 nu dep\u0103\u015feasc\u0103 puterea aprobat\u0103 prin aceste documente\u201d, mai afirm\u0103 el. Despre reducerea nivelului de tensiune din SEN, Burduja declar\u0103 c\u0103 \u201dDispecerul energetic na\u0163ional (DEN) va dispune func\u0163ionarea \u00een regim de absorb\u0163ie de putere reactiv\u0103 la CEE-uri \u015fi CEF-uri mici (1 \u2264 P \u2264 5 MW), \u00een conformitate cu cerin\u0163ele tehnice prev\u0103zute \u00een normele tehnice, prin utilizarea tuturor mijloacelor tehnice pe care le de\u0163in. Dispozi\u0163ia se va transmite \u00een prealabil at\u00e2t gestionarilor acestor instala\u0163ii, c\u00e2t \u015fi centrelor de dispecer local pe central\u0103 (DELC), pentru cele care sunt operate de la astfel de centre de dispecer.\u201d<\/p>\n<p>\u201dPentru perioadele \u00een care se va dispune func\u0163ionarea \u00een acest regim, centralele vor fi exonerate de plata energiei reactive consumat\u0103 suplimentar. DEN va dispune func\u0163ionarea \u00een regim de absorb\u0163ie de putere reactiv\u0103 la centralele electrice aflate \u00een probe de verificare a conformit\u0103\u0163ii tehnice, indiferent de categoria din care fac parte (B, C \u015fi D), prin utilizarea tuturor mijloacelor tehnice pe care le de\u0163in; se va asigura func\u0163ionarea \u00een regim de compensator sincron a grupurilor de la CHE Lotru \u015fi CHE Vidraru; centralele electrice clasice, centralele electrice regenerabile \u015fi instala\u0163iile de stocare de categorie C \u015fi de categorie D vor primi dispozi\u0163ii de reglaj de tensiune\/putere reactiv\u0103 de la DEC \u015fi\/sau DET-uri\u201d, a declarat Burduja.<\/p>\n<p>\u00cen plus, ministrul Energiei a explicat c\u0103 \u00een aceast\u0103 perioad\u0103 de stres \u015fi de solicitare ridicat\u0103, a dispus ca toate entit\u0103\u0163ile implicate \u00een procesul de asigurare a condi\u0163iilor normale de func\u0163ionare a SEN s\u0103 aib\u0103 permanent deschise canalele de comunicare, s\u0103 colaboreze, s\u0103 se sprijine reciproc pentru prevenirea posibilelor disfunc\u0163ionalit\u0103\u0163i \u015fi s\u0103 intervin\u0103 dac\u0103 apar incidente.<\/p>\n<p>\u201dVom fi cu to\u0163ii la datorie, inclusiv \u00een zilele de Pa\u015fte, cu telefoanele deschise \u015fi preg\u0103ti\u0163i s\u0103 asigur\u0103m echilibrul sistemului energetic na\u0163ional. Apreciez ini\u0163iativa proactiv\u0103 a asocia\u0163iei prosumatorilor APCE, care a f\u0103cut apel la prosumatorii care nu vor fi acas\u0103 de Pa\u015fte s\u0103 opreasc\u0103 din invertor sistemul fotovoltaic instalat. Recomand acela\u015fi lucru, ca gest de civism fa\u0163\u0103 de sistemul energetic na\u0163ional. Cu to\u0163ii, produc\u0103tori, distribuitori, transportatori, furnizori, prosumatori, consumatori suntem parte din sistemul energetic na\u0163ional.<\/p>\n<p>S\u0103rb\u0103torile Pascale \u00eenseamn\u0103 lini\u015fte, s\u0103 petrecem momente pl\u0103cute al\u0103turi de cei dragi \u015fi s\u0103 ne str\u00e2ngem \u00een jurul mesei cu g\u00e2ndul la cei care sunt al\u0103turi de noi din ceruri. Noi ne vom asigura c\u0103 lumina r\u0103m\u00e2ne aprins\u0103 \u00een casele tuturor rom\u00e2nilor.<\/p>\n<p>Pentru aceasta, le mul\u0163umesc tuturor speciali\u015ftilor care r\u0103m\u00e2n pe baricade \u00een fiecare zi \u015fi noapte, 24\/7, \u015fi \u00ee\u015fi petrec s\u0103rb\u0103torile departe de cei dragi. \u00cenainte, \u00eempreun\u0103!\u201d, a conchis Sebastian Burduja.\u00a0<\/p>","protected":false},"excerpt":{"rendered":"<p>\u201dUN PA\u015eTE CU LUMINA APRINS\u0102! A\u015fa cum am anun\u0163at \u00een Duminica Floriilor, ieri am organizat&hellip;<\/p>\n","protected":false},"author":0,"featured_media":47698,"comment_status":"open","ping_status":"open","sticky":false,"template":"","format":"standard","meta":{"footnotes":""},"categories":[2],"tags":[],"class_list":["post-47705","post","type-post","status-publish","format-standard","has-post-thumbnail","hentry","category-actual"],"_links":{"self":[{"href":"https:\/\/247stiri.ro\/index.php\/wp-json\/wp\/v2\/posts\/47705","targetHints":{"allow":["GET"]}}],"collection":[{"href":"https:\/\/247stiri.ro\/index.php\/wp-json\/wp\/v2\/posts"}],"about":[{"href":"https:\/\/247stiri.ro\/index.php\/wp-json\/wp\/v2\/types\/post"}],"replies":[{"embeddable":true,"href":"https:\/\/247stiri.ro\/index.php\/wp-json\/wp\/v2\/comments?post=47705"}],"version-history":[{"count":0,"href":"https:\/\/247stiri.ro\/index.php\/wp-json\/wp\/v2\/posts\/47705\/revisions"}],"wp:featuredmedia":[{"embeddable":true,"href":"https:\/\/247stiri.ro\/index.php\/wp-json\/wp\/v2\/media\/47698"}],"wp:attachment":[{"href":"https:\/\/247stiri.ro\/index.php\/wp-json\/wp\/v2\/media?parent=47705"}],"wp:term":[{"taxonomy":"category","embeddable":true,"href":"https:\/\/247stiri.ro\/index.php\/wp-json\/wp\/v2\/categories?post=47705"},{"taxonomy":"post_tag","embeddable":true,"href":"https:\/\/247stiri.ro\/index.php\/wp-json\/wp\/v2\/tags?post=47705"}],"curies":[{"name":"wp","href":"https:\/\/api.w.org\/{rel}","templated":true}]}}