{"id":47706,"date":"2025-04-16T17:45:33","date_gmt":"2025-04-16T17:45:33","guid":{"rendered":"https:\/\/247stiri.ro\/index.php\/2025\/04\/16\/o-noua-moarte-suspecta-la-spitalul-de-urgenta-din-iasi-a-decedat-un-brancardier-de-54-de-ani-ministerul-sanatatii-a-deschis-o-ancheta\/"},"modified":"2025-04-16T17:45:33","modified_gmt":"2025-04-16T17:45:33","slug":"o-noua-moarte-suspecta-la-spitalul-de-urgenta-din-iasi-a-decedat-un-brancardier-de-54-de-ani-ministerul-sanatatii-a-deschis-o-ancheta","status":"publish","type":"post","link":"https:\/\/247stiri.ro\/index.php\/2025\/04\/16\/o-noua-moarte-suspecta-la-spitalul-de-urgenta-din-iasi-a-decedat-un-brancardier-de-54-de-ani-ministerul-sanatatii-a-deschis-o-ancheta\/","title":{"rendered":"O nou\u0103 moarte suspect\u0103 la Spitalul de Urgen\u021b\u0103 din Ia\u0219i. A decedat un brancardier de 54 de ani. Ministerul S\u0103n\u0103t\u0103\u021bii a deschis o anchet\u0103"},"content":{"rendered":"<p>B\u0103rbatul, care lucra ca brancardier \u00een sec\u021bia de Terapie Intensiv\u0103 a Spitalului Sf\u00e2ntul Spiridon din Ia\u0219i, a murit \u00een noaptea de luni spre mar\u021bi, potrivit presei locale.<\/p>\n<p>De\u015fi conducerea unit\u0103\u0163ii medicale spune c\u0103 decesele nu au leg\u0103tur\u0103 cu suprasolicitarea, Ministerul S\u0103n\u0103t\u0103\u0163ii a deschis o anchet\u0103.<\/p>\n<p>&#8222;R\u0103m\u00e2ne s\u0103 vedem dac\u0103 exist\u0103 o rela\u0163ie \u00eentre modul \u00een care \u015fi-au desf\u0103\u015furat ei activitatea, o eventual\u0103 suprasolicitare \u015fi aceast\u0103 evolu\u0163ie nefericit\u0103&#8221;, a transmis Alexandru Rafila, ministrul S\u0103n\u0103t\u0103\u0163ii.<\/p>\n<p>Val de mor\u021bi suspecte<\/p>\n<p>Incidentul vine dup\u0103 ce alte dou\u0103 mor\u021bi suspecte au avut loc \u00een r\u00e2ndul personalului de la acela\u0219i spital. George \u015etefan Til\u0103, rezident \u00een ultimul an la sec\u0163ia de gastroenterologie, a murit pe 28 martie, la doar 31 de ani. Acesta ar fi avut probleme mai vechi de s\u0103n\u0103tate.<\/p>\n<p>Ulterior, pe 13 aprilie, un alt medic rezident s-a stins din via\u021b\u0103. Emanuel Mirel Luca, \u00een v\u00e2rst\u0103 de 28 de ani, a fost g\u0103sit mort \u00een apartamentul s\u0103u. De\u0219i ini\u021bial s-a crezut c\u0103 este vorba despre un infarct, surse medicale au transmis c\u0103 primele rezultate ale autopsiei au ar\u0103tat leziuni la nivel pulmonar, care puteau fi produse \u00een urma unor infec\u021bii respiratorii.<\/p>\n<p>Potrivit presei locale, at\u00e2t cei doi tineri, c\u00e2t \u0219i colegii lor de pe sec\u021bie au avut \u00een ultimele luni at\u00e2t grip\u0103, c\u00e2t \u0219i COVID-19, poate chiar simultan.<\/p>","protected":false},"excerpt":{"rendered":"<p>B\u0103rbatul, care lucra ca brancardier \u00een sec\u021bia de Terapie Intensiv\u0103 a Spitalului Sf\u00e2ntul Spiridon din&hellip;<\/p>\n","protected":false},"author":0,"featured_media":47707,"comment_status":"open","ping_status":"open","sticky":false,"template":"","format":"standard","meta":{"footnotes":""},"categories":[2],"tags":[],"class_list":["post-47706","post","type-post","status-publish","format-standard","has-post-thumbnail","hentry","category-actual"],"_links":{"self":[{"href":"https:\/\/247stiri.ro\/index.php\/wp-json\/wp\/v2\/posts\/47706","targetHints":{"allow":["GET"]}}],"collection":[{"href":"https:\/\/247stiri.ro\/index.php\/wp-json\/wp\/v2\/posts"}],"about":[{"href":"https:\/\/247stiri.ro\/index.php\/wp-json\/wp\/v2\/types\/post"}],"replies":[{"embeddable":true,"href":"https:\/\/247stiri.ro\/index.php\/wp-json\/wp\/v2\/comments?post=47706"}],"version-history":[{"count":0,"href":"https:\/\/247stiri.ro\/index.php\/wp-json\/wp\/v2\/posts\/47706\/revisions"}],"wp:featuredmedia":[{"embeddable":true,"href":"https:\/\/247stiri.ro\/index.php\/wp-json\/wp\/v2\/media\/47707"}],"wp:attachment":[{"href":"https:\/\/247stiri.ro\/index.php\/wp-json\/wp\/v2\/media?parent=47706"}],"wp:term":[{"taxonomy":"category","embeddable":true,"href":"https:\/\/247stiri.ro\/index.php\/wp-json\/wp\/v2\/categories?post=47706"},{"taxonomy":"post_tag","embeddable":true,"href":"https:\/\/247stiri.ro\/index.php\/wp-json\/wp\/v2\/tags?post=47706"}],"curies":[{"name":"wp","href":"https:\/\/api.w.org\/{rel}","templated":true}]}}