{"id":47714,"date":"2025-04-16T18:45:51","date_gmt":"2025-04-16T18:45:51","guid":{"rendered":"https:\/\/247stiri.ro\/index.php\/2025\/04\/16\/incident-grav-in-giurgiu-un-barbat-imbracat-in-uniforma-de-politist-a-fost-retinut-dupa-ce-a-inselat-o-familie-din-bolintin-vale\/"},"modified":"2025-04-16T18:45:51","modified_gmt":"2025-04-16T18:45:51","slug":"incident-grav-in-giurgiu-un-barbat-imbracat-in-uniforma-de-politist-a-fost-retinut-dupa-ce-a-inselat-o-familie-din-bolintin-vale","status":"publish","type":"post","link":"https:\/\/247stiri.ro\/index.php\/2025\/04\/16\/incident-grav-in-giurgiu-un-barbat-imbracat-in-uniforma-de-politist-a-fost-retinut-dupa-ce-a-inselat-o-familie-din-bolintin-vale\/","title":{"rendered":"Incident grav \u00een Giurgiu. Un b\u0103rbat \u00eembr\u0103cat \u00een uniform\u0103 de poli\u021bist a fost re\u021binut, dup\u0103 ce a \u00een\u0219elat o familie din Bolintin Vale"},"content":{"rendered":"<p>Poli\u021bi\u0219tii din Bolintin Vale au prins \u00een flagrant delict, \u00een curtea unei locuin\u021be, pe strada Republicii, din ora\u0219ul Bolintin Vale, un b\u0103rbat, de 53 de ani, din localitatea Ciorog\u00e2rla, jude\u021bul Ilfov, \u00eembr\u0103cat \u00een uniform\u0103 de poli\u021bist.<\/p>\n<p>\u201e\u00cen urma controlului corporal efectuat, c\u00e2t \u0219i \u00een interiorul autoturismului, poli\u021bi\u0219tii au descoperit 4.030 de lei \u0219i mai multe bunuri (un miel sacrificat, un toc de pistol de culoare neagr\u0103 \u0219i un spray iritant-lacrimogen). Din primele cercet\u0103ri efectuate de c\u0103tre politi\u0219ti, a reie\u0219it faptul c\u0103, la data de 16 aprilie a.c., ora 10.00, b\u0103rbatul \u00een cauz\u0103 s-ar fi deplasat la domiciliul unei familii, din ora\u0219ul Bolintin Vale \u0219i s-ar fi recomandat ca fiind comisar \u0219ef de poli\u021bie. Dup\u0103 ce \u0219i-ar fi declinat calitatea, acesta ar fi solicitat persoanelor respective un miel sacrificat, f\u0103r\u0103 a pl\u0103ti contravaloarea acestuia. Bunurile descoperite au fost ridicate de c\u0103tre poli\u021bi\u0219ti, \u00een vederea continu\u0103rii cercet\u0103rilor\u201d, anun\u021b\u0103 IPJ Giurgiu.<\/p>\n<p>B\u0103rbatul b\u0103nuit de s\u0103v\u00e2r\u0219irea infrac\u021biunilor de uzurpare de calit\u0103\u021bi oficiale \u0219i \u00een\u0219el\u0103ciune a fost re\u021binut, pentru 24 de ore. El va fi prezentat joi instan\u021bei de judecat\u0103, cu propuneri procedurale.<\/p>","protected":false},"excerpt":{"rendered":"<p>Poli\u021bi\u0219tii din Bolintin Vale au prins \u00een flagrant delict, \u00een curtea unei locuin\u021be, pe strada&hellip;<\/p>\n","protected":false},"author":0,"featured_media":47715,"comment_status":"open","ping_status":"open","sticky":false,"template":"","format":"standard","meta":{"footnotes":""},"categories":[2],"tags":[],"class_list":["post-47714","post","type-post","status-publish","format-standard","has-post-thumbnail","hentry","category-actual"],"_links":{"self":[{"href":"https:\/\/247stiri.ro\/index.php\/wp-json\/wp\/v2\/posts\/47714","targetHints":{"allow":["GET"]}}],"collection":[{"href":"https:\/\/247stiri.ro\/index.php\/wp-json\/wp\/v2\/posts"}],"about":[{"href":"https:\/\/247stiri.ro\/index.php\/wp-json\/wp\/v2\/types\/post"}],"replies":[{"embeddable":true,"href":"https:\/\/247stiri.ro\/index.php\/wp-json\/wp\/v2\/comments?post=47714"}],"version-history":[{"count":0,"href":"https:\/\/247stiri.ro\/index.php\/wp-json\/wp\/v2\/posts\/47714\/revisions"}],"wp:featuredmedia":[{"embeddable":true,"href":"https:\/\/247stiri.ro\/index.php\/wp-json\/wp\/v2\/media\/47715"}],"wp:attachment":[{"href":"https:\/\/247stiri.ro\/index.php\/wp-json\/wp\/v2\/media?parent=47714"}],"wp:term":[{"taxonomy":"category","embeddable":true,"href":"https:\/\/247stiri.ro\/index.php\/wp-json\/wp\/v2\/categories?post=47714"},{"taxonomy":"post_tag","embeddable":true,"href":"https:\/\/247stiri.ro\/index.php\/wp-json\/wp\/v2\/tags?post=47714"}],"curies":[{"name":"wp","href":"https:\/\/api.w.org\/{rel}","templated":true}]}}