{"id":47720,"date":"2025-04-16T19:44:56","date_gmt":"2025-04-16T19:44:56","guid":{"rendered":"https:\/\/247stiri.ro\/index.php\/2025\/04\/16\/cadavrul-unui-barbat-descoperit-intr-un-canal-colector-din-timisoara-politia-a-deschis-o-ancheta\/"},"modified":"2025-04-16T19:44:56","modified_gmt":"2025-04-16T19:44:56","slug":"cadavrul-unui-barbat-descoperit-intr-un-canal-colector-din-timisoara-politia-a-deschis-o-ancheta","status":"publish","type":"post","link":"https:\/\/247stiri.ro\/index.php\/2025\/04\/16\/cadavrul-unui-barbat-descoperit-intr-un-canal-colector-din-timisoara-politia-a-deschis-o-ancheta\/","title":{"rendered":"Cadavrul unui b\u0103rbat, descoperit \u00eentr-un canal colector din Timi\u0219oara. Poli\u021bia a deschis o anchet\u0103"},"content":{"rendered":"<p>Inspectoratul de Poli\u021bie Jude\u021bean Timi\u0219 a anun\u021bat c\u0103 este vorba despre un<a href=\"https:\/\/www.realitatea.net\/stiri\/actual\/descoperire-macabra-in-constanta-un-barbat-a-fost-gasit-mort-pe-marginea-soselei_66895e0e684f4e2f7b5607d4\" target=\"_blank\"> b\u0103rbat <\/a>\u00een v\u00e2rst\u0103 de 37 de ani care ar fi decedat \u00een urm\u0103 cu mai multe zile.\u00a0<\/p>\n<p>\u201dLa data de 16 aprilie 2025, \u00een jurul orei 20:00, poli\u0163i\u015ftii Sec\u0163iei 4 Timi\u015foara au fost sesiza\u0163i cu privire la faptul c\u0103 o persoan\u0103 ar fi c\u0103zut \u00eentr-un bazin betonat inundat, situat pe un teren viran din apropierea str\u0103zii Dun\u0103rea. Poli\u0163i\u015ftii s-au deplasat la fa\u0163a locului, constat\u00e2nd c\u0103 este vorba despre un b\u0103rbat, \u00een v\u00e2rst\u0103 de 37 de ani. Din nefericire b\u0103rbatul a fost declarat decedat, trupul acestuia fiind transportat la Institutul de Medicin\u0103 Legal\u0103 Timi\u015foara, \u00een vederea efectu\u0103rii necropsiei\u201d, a transmis IPJ Timi\u015f. \u00a0 \u00a0<\/p>\n<p>\u00cen acest caz, poli\u0163i\u015ftii au deschis un dosar penal pentru ucidere din culp\u0103 \u015fi continu\u0103 cercet\u0103rile pentru a stabili cu exactitate cauzele \u00een care s-a produs decesul b\u0103rbatului.\u00a0<\/p>","protected":false},"excerpt":{"rendered":"<p>Inspectoratul de Poli\u021bie Jude\u021bean Timi\u0219 a anun\u021bat c\u0103 este vorba despre un b\u0103rbat \u00een v\u00e2rst\u0103&hellip;<\/p>\n","protected":false},"author":0,"featured_media":47721,"comment_status":"open","ping_status":"open","sticky":false,"template":"","format":"standard","meta":{"footnotes":""},"categories":[2],"tags":[],"class_list":["post-47720","post","type-post","status-publish","format-standard","has-post-thumbnail","hentry","category-actual"],"_links":{"self":[{"href":"https:\/\/247stiri.ro\/index.php\/wp-json\/wp\/v2\/posts\/47720","targetHints":{"allow":["GET"]}}],"collection":[{"href":"https:\/\/247stiri.ro\/index.php\/wp-json\/wp\/v2\/posts"}],"about":[{"href":"https:\/\/247stiri.ro\/index.php\/wp-json\/wp\/v2\/types\/post"}],"replies":[{"embeddable":true,"href":"https:\/\/247stiri.ro\/index.php\/wp-json\/wp\/v2\/comments?post=47720"}],"version-history":[{"count":0,"href":"https:\/\/247stiri.ro\/index.php\/wp-json\/wp\/v2\/posts\/47720\/revisions"}],"wp:featuredmedia":[{"embeddable":true,"href":"https:\/\/247stiri.ro\/index.php\/wp-json\/wp\/v2\/media\/47721"}],"wp:attachment":[{"href":"https:\/\/247stiri.ro\/index.php\/wp-json\/wp\/v2\/media?parent=47720"}],"wp:term":[{"taxonomy":"category","embeddable":true,"href":"https:\/\/247stiri.ro\/index.php\/wp-json\/wp\/v2\/categories?post=47720"},{"taxonomy":"post_tag","embeddable":true,"href":"https:\/\/247stiri.ro\/index.php\/wp-json\/wp\/v2\/tags?post=47720"}],"curies":[{"name":"wp","href":"https:\/\/api.w.org\/{rel}","templated":true}]}}