{"id":47758,"date":"2025-04-17T05:44:49","date_gmt":"2025-04-17T05:44:49","guid":{"rendered":"https:\/\/247stiri.ro\/index.php\/2025\/04\/17\/maru-dealerul-lui-vlad-pascu-retinut-de-procurorii-diicot-anchetatorii-au-dovezi-soc-ce-droguri-a-consumat-rares-ion-inainte-sa-moara\/"},"modified":"2025-04-17T05:44:49","modified_gmt":"2025-04-17T05:44:49","slug":"maru-dealerul-lui-vlad-pascu-retinut-de-procurorii-diicot-anchetatorii-au-dovezi-soc-ce-droguri-a-consumat-rares-ion-inainte-sa-moara","status":"publish","type":"post","link":"https:\/\/247stiri.ro\/index.php\/2025\/04\/17\/maru-dealerul-lui-vlad-pascu-retinut-de-procurorii-diicot-anchetatorii-au-dovezi-soc-ce-droguri-a-consumat-rares-ion-inainte-sa-moara\/","title":{"rendered":"Maru, dealerul lui Vlad Pascu, re\u021binut de procurorii DIICOT. Anchetatorii au dovezi \u0219oc. Ce droguri a consumat Rare\u0219 Ion \u00eenainte s\u0103 moar\u0103"},"content":{"rendered":"<p>Mai mul\u021bi apropia\u021bi de-ai lui <a href=\"https:\/\/www.realitatea.net\/stiri\/actual\/ancheta-soc-in-cazul-mortii-lui-rares-ion-mascatii-au-descins-la-locuinta-dealerului-lui-vlad-pascu-maru-ajunge-la-diicot_67ffbb46c6c89471ff466af2\" target=\"_blank\">Rare\u0219 <\/a>\u0219i Maru au fost deja audia\u021bi de c\u0103tre procurori. \u00cen seara de 14 aprilie, Rare\u0219 s-a dus la Maru, care se afla cu iubita lui la domiciliu. \u00cen timp ce consumau substan\u021be interzise, lui Rare\u0219 i s-a f\u0103cut r\u0103u.<\/p>\n<p>Un echipaj medical l-a preluat pe Rare\u0219 \u0219i l-a dus la spitalul Floreasca, unde a ajuns \u0219i mama b\u0103iatului. T\u00e2n\u0103rul a plecat de acolo, iar patru ore mai t\u00e2rziu fratele lui a sunat la 112 \u0219i a anuntat decesul.<\/p>\n<p>Mai multe filmule\u021be \u0219ocante din noaptea tragediei au ap\u0103rut pe internet, unde au st\u00e2rnit un val de reac\u021bii.\u00a0<\/p>\n<p>Cu toate acestea, Maru, dealerul de droguri care l-a filmat pe t\u00e2n\u0103rul mort \u00een timp ce agoniza, spune c\u0103 nu s-a drogat \u00een noaptea tragediei.<\/p>\n<p>Rare\u0219 Ion, t\u00e2n\u0103rul mort din cauza unei supradoze, a devenit cunoscut pe internet dup\u0103 ce a ap\u0103rut \u00eentr-un videoclip, drogat, cu mama sa l\u00e2ng\u0103 el \u00een ambulan\u021b\u0103.<\/p>\n<p>Fratele t\u00e2n\u0103rului mort sus\u021bine c\u0103 dealerul Maru, prietenul lui Vlad Pascu, l-a l\u0103sat pe podea pe Rare\u0219 \u0219i a plecat \u00eenainte s\u0103 vin\u0103 ambulan\u021ba.<\/p>\n<p>\u00cen exclusivitate la REALITATEA PLUS, tat\u0103l lui Sebi Olariu, t\u00e2n\u0103rul ucis de Vlad Pascu, a spus c\u0103 dealerul de droguri nu trebuia s\u0103 ias\u0103 din \u00eenchisoare, acolo unde ajunsese \u00een anul 2023, \u00een dosarul tragediei 2 Mai.<\/p>\n<p>\u201dNu m\u0103 mir\u0103 faptul c\u0103 justi\u021bia nu \u0219i-a f\u0103cut \u00eenc\u0103 o dat\u0103 treaba. Justi\u021bianoastr\u0103 care trebuie s\u0103 moar\u0103 cineva. Maru s\u0103 \u00eenfunde pu\u0219c\u0103ria la fel ca \u0219i Vlad Pascu, nu trebuie eliberat\u201d, a declarat tat\u0103l lui Sebastian Olaru.\u00a0<\/p>\n<p>La 13 ani, Rare\u0219 Ion era un copil cu poten\u021bial. A participat la un concurs de talente \u0219i a vorbit despre \u0219tiin\u021b\u0103 \u0219i cercetare. Din p\u0103cate, la distan\u021b\u0103 de 7 ani, dup\u0103 ce a intrat \u00een anturajul lui Vlad Pascu, Rare\u0219 a dus o lupt\u0103 cu drogurile pe care, din p\u0103cate, a pierdut-o.<\/p>","protected":false},"excerpt":{"rendered":"<p>Mai mul\u021bi apropia\u021bi de-ai lui Rare\u0219 \u0219i Maru au fost deja audia\u021bi de c\u0103tre procurori.&hellip;<\/p>\n","protected":false},"author":0,"featured_media":47759,"comment_status":"open","ping_status":"open","sticky":false,"template":"","format":"standard","meta":{"footnotes":""},"categories":[2],"tags":[],"class_list":["post-47758","post","type-post","status-publish","format-standard","has-post-thumbnail","hentry","category-actual"],"_links":{"self":[{"href":"https:\/\/247stiri.ro\/index.php\/wp-json\/wp\/v2\/posts\/47758","targetHints":{"allow":["GET"]}}],"collection":[{"href":"https:\/\/247stiri.ro\/index.php\/wp-json\/wp\/v2\/posts"}],"about":[{"href":"https:\/\/247stiri.ro\/index.php\/wp-json\/wp\/v2\/types\/post"}],"replies":[{"embeddable":true,"href":"https:\/\/247stiri.ro\/index.php\/wp-json\/wp\/v2\/comments?post=47758"}],"version-history":[{"count":0,"href":"https:\/\/247stiri.ro\/index.php\/wp-json\/wp\/v2\/posts\/47758\/revisions"}],"wp:featuredmedia":[{"embeddable":true,"href":"https:\/\/247stiri.ro\/index.php\/wp-json\/wp\/v2\/media\/47759"}],"wp:attachment":[{"href":"https:\/\/247stiri.ro\/index.php\/wp-json\/wp\/v2\/media?parent=47758"}],"wp:term":[{"taxonomy":"category","embeddable":true,"href":"https:\/\/247stiri.ro\/index.php\/wp-json\/wp\/v2\/categories?post=47758"},{"taxonomy":"post_tag","embeddable":true,"href":"https:\/\/247stiri.ro\/index.php\/wp-json\/wp\/v2\/tags?post=47758"}],"curies":[{"name":"wp","href":"https:\/\/api.w.org\/{rel}","templated":true}]}}