{"id":47761,"date":"2025-04-17T05:44:50","date_gmt":"2025-04-17T05:44:50","guid":{"rendered":"https:\/\/247stiri.ro\/index.php\/2025\/04\/17\/realitatea-plus-sanctionata-de-cna-pentru-sustinerea-valului-suveranist-astazi-la-ora-1900-programul-se-intrerupe-cu-10-minute-ati-devenit-paratrasnetul-puterii-care-vrea-sa-intimideze\/"},"modified":"2025-04-17T05:44:50","modified_gmt":"2025-04-17T05:44:50","slug":"realitatea-plus-sanctionata-de-cna-pentru-sustinerea-valului-suveranist-astazi-la-ora-1900-programul-se-intrerupe-cu-10-minute-ati-devenit-paratrasnetul-puterii-care-vrea-sa-intimideze","status":"publish","type":"post","link":"https:\/\/247stiri.ro\/index.php\/2025\/04\/17\/realitatea-plus-sanctionata-de-cna-pentru-sustinerea-valului-suveranist-astazi-la-ora-1900-programul-se-intrerupe-cu-10-minute-ati-devenit-paratrasnetul-puterii-care-vrea-sa-intimideze\/","title":{"rendered":"Realitatea PLUS, sanc\u021bionat\u0103 de CNA pentru sus\u021binerea valului suveranist. Ast\u0103zi, la ora 19:00, programul se \u00eentrerupe cu 10 minute: &#8222;A\u021bi devenit paratr\u0103snetul Puterii, care vrea s\u0103 intimideze&#8221;"},"content":{"rendered":"<p>O nou\u0103 palm\u0103 dat\u0103 libert\u0103\u021bii de exprimare. Consiliul Na\u021bional al Audiovizualului a decis s\u0103 \u00eentrerup\u0103, ast\u0103zi, la ora 19:00, timp de 10 minute, programul Realitatea PLUS.<\/p>\n<p>Televiziunea poporului este sanc\u021bionat\u0103 pentru c\u0103 sus\u021bine valul suveranist.\u00a0<\/p>\n<p>Decizia de ast\u0103zi este executorie, \u00eens\u0103 Realitatea PLUS \u00ee\u0219i va c\u0103uta dreptatea \u00een instan\u021b\u0103.\u00a0<\/p>\n<p>&#8222;Suprimarea unei voci mediatice, fie \u0219i numai pentru o secund\u0103, este un act de o gravitate excep\u021bional\u0103. M\u0103sura trebuie s\u0103 fie extraordinar de bine motivat\u0103, ori a\u0219a ceva nu se \u00eent\u00e2mpl\u0103 \u00een spe\u021ba de care vorbim.\u00a0<\/p>\n<p>V-a\u021bi autodefinit ca Televiziunea poporului. \u00cen consecin\u021b\u0103, juc\u00e2nd acest rol, a\u021bi devenit v\u00e2rful de lance al criticilor justificate pe care le face\u021bi Puterii. Cenzura\u021bi Puterea a\u0219a cum trebuie s\u0103 o fac\u0103 o voce mediatic\u0103. \u00cen consecin\u021b\u0103, \u00eens\u0103, dvs. ajunge\u021bi s\u0103 deveni\u021bi \u0219i paratr\u0103snetul Puterii care \u00een aceast\u0103 perioad\u0103 vrea s\u0103 dea exemple, vrea s\u0103 intimideze, lovind prin dvs., \u00eentreaga pres\u0103 s\u0103 \u0219tie tot ce poate s\u0103 urmeze \u0219i s\u0103 descurajeze companiile care v\u0103 ofer\u0103 publicitate \u0219i dreptul de a supravie\u021bui. Acesta este obiectivul pe care-l urm\u0103re\u0219te CNA.<\/p>\n<p>\u0218i ceea ce este trist, dar e c\u00e2t se poate de evident, e c\u0103 Parlamentul nici nu \u00eencearc\u0103 \u0219i nici nu are vreo \u0219ans\u0103 s\u0103 reu\u0219easc\u0103 s\u0103-\u0219i \u00eendeplineasc\u0103 rolul pe care \u00eel are, acela de a cezura la r\u00e2ndul lui CNA. Dup\u0103 cum vede\u021bi, \u00een ciuda insisten\u021belor Comisiei pentru cultur\u0103 a Parlamentului, CNA ignor\u0103 cu des\u0103v\u00e2r\u0219ire solicitarea acestei comisii de a veni la discu\u021bii.\u00a0<\/p>\n<p>Statul subteran care protejeaz\u0103 CNA-ul \u0219i care l-a aruncat \u00een fa\u021b\u0103 \u00een acest atac \u00eempotriva televiziunii dvs. este extrem de puternic \u0219i activ \u00een aceast\u0103 perioad\u0103 \u0219i asta demonstreaz\u0103 c\u0103 totul este politizat. Este o perioad\u0103 electoral\u0103 \u0219i totul st\u0103 sub semnul b\u0103t\u0103liei pentru pozi\u021bia de pre\u0219edinte&#8221;, spune Sorin Ro\u0219ca St\u0103nescu, membru al Clubului de Pres\u0103.<\/p>\n<p>&#8222;Realitatea PLUS este singura televiziune care ap\u0103r\u0103 poporul \u0219i suverani\u0219tii&#8221;, spune Dana Varga, analist politic. &#8222;Mai exist\u0103 democra\u021bie \u00een Rom\u00e2nia? Cenzura asta nu duce dec\u00e2t la o revolt\u0103 de solidaritate pentru tot poporul. Fac un apel ca \u00een cele 10 minute s\u0103 \u021bine\u021bi televizorul deschis pe Realitatea&#8221;, a mai spus aceasta.<\/p>","protected":false},"excerpt":{"rendered":"<p>O nou\u0103 palm\u0103 dat\u0103 libert\u0103\u021bii de exprimare. Consiliul Na\u021bional al Audiovizualului a decis s\u0103 \u00eentrerup\u0103,&hellip;<\/p>\n","protected":false},"author":0,"featured_media":47762,"comment_status":"open","ping_status":"open","sticky":false,"template":"","format":"standard","meta":{"footnotes":""},"categories":[2],"tags":[],"class_list":["post-47761","post","type-post","status-publish","format-standard","has-post-thumbnail","hentry","category-actual"],"_links":{"self":[{"href":"https:\/\/247stiri.ro\/index.php\/wp-json\/wp\/v2\/posts\/47761","targetHints":{"allow":["GET"]}}],"collection":[{"href":"https:\/\/247stiri.ro\/index.php\/wp-json\/wp\/v2\/posts"}],"about":[{"href":"https:\/\/247stiri.ro\/index.php\/wp-json\/wp\/v2\/types\/post"}],"replies":[{"embeddable":true,"href":"https:\/\/247stiri.ro\/index.php\/wp-json\/wp\/v2\/comments?post=47761"}],"version-history":[{"count":0,"href":"https:\/\/247stiri.ro\/index.php\/wp-json\/wp\/v2\/posts\/47761\/revisions"}],"wp:featuredmedia":[{"embeddable":true,"href":"https:\/\/247stiri.ro\/index.php\/wp-json\/wp\/v2\/media\/47762"}],"wp:attachment":[{"href":"https:\/\/247stiri.ro\/index.php\/wp-json\/wp\/v2\/media?parent=47761"}],"wp:term":[{"taxonomy":"category","embeddable":true,"href":"https:\/\/247stiri.ro\/index.php\/wp-json\/wp\/v2\/categories?post=47761"},{"taxonomy":"post_tag","embeddable":true,"href":"https:\/\/247stiri.ro\/index.php\/wp-json\/wp\/v2\/tags?post=47761"}],"curies":[{"name":"wp","href":"https:\/\/api.w.org\/{rel}","templated":true}]}}