{"id":47797,"date":"2025-04-17T07:45:02","date_gmt":"2025-04-17T07:45:02","guid":{"rendered":"https:\/\/247stiri.ro\/index.php\/2025\/04\/17\/stegarul-dac-plasat-in-arest-la-domiciliu-avocatul-lui-cezar-avramuta-sistemul-a-uneltit-acest-scenariu\/"},"modified":"2025-04-17T07:45:02","modified_gmt":"2025-04-17T07:45:02","slug":"stegarul-dac-plasat-in-arest-la-domiciliu-avocatul-lui-cezar-avramuta-sistemul-a-uneltit-acest-scenariu","status":"publish","type":"post","link":"https:\/\/247stiri.ro\/index.php\/2025\/04\/17\/stegarul-dac-plasat-in-arest-la-domiciliu-avocatul-lui-cezar-avramuta-sistemul-a-uneltit-acest-scenariu\/","title":{"rendered":"Stegarul Dac, plasat \u00een arest la domiciliu. Avocatul lui Cezar Avramu\u021b\u0103: \u201dSistemul a uneltit acest scenariu\u201d"},"content":{"rendered":"<p>Avocatul lui Avramu\u021b\u0103 a declarat, \u00een exclusivitate pentru Realitatea PLUS, c\u0103 m\u0103sura este rezultatul unui scenariu premeditat. Acesta sus\u021bine c\u0103, de\u0219i clientul s\u0103u \u00eencercase s\u0103 se retrag\u0103 de la protestul de la \u00cenalta Curte, jandarmii l-au for\u021bat s\u0103 revin\u0103 \u00een mul\u021bime.<\/p>\n<p>\u201eCet\u0103\u021beanul Cezar Avramu\u021b\u0103 a fost \u00een fa\u021ba \u00cenaltei Cur\u021bi de Casa\u021bie \u0219i Justi\u021bie, unde a \u00eencercat sa intre. A fost dat afar\u0103 \u00eempreun\u0103 cu al\u021bi cet\u0103\u021beni<\/p>\n<p>\u00cen momentul \u0103la, Cezar a \u00eencercat s\u0103 se retrag\u0103.<\/p>\n<p>Moment \u00een care jandarmii l-au luat, l-au violentat \u0219i l-au dus din nou \u00een preajma acelor oameni.<\/p>\n<p>Avocatul Stegarului spune c\u0103, \u00een acest mod, s-a creat aparen\u021ba c\u0103 stegarul a \u00eenc\u0103lcat condi\u021bia impus\u0103 de controlul judiciar \u2013 aceea de a nu participa la adun\u0103ri publice.<\/p>\n<p>Acea condi\u021bie din controlul judiciar de a nu participa la adun\u0103ri publice, iat\u0103 cum, prin for\u021ba Jandarmeriei, Avramu\u021b\u0103 a fost dus \u00een mijlocul mul\u021bimii s\u0103 creeze contextul pentru aceast\u0103 m\u0103sur\u0103<\/p>\n<p>Ast\u0103zi avem, de fapt, ceea ce sistemul a uneltit \u00een a\u0219a fel \u00eenc\u00e2t controlul judiciar s\u0103 par\u0103 c\u0103 a fost \u00eenc\u0103lcat pentru a fi transformat \u00een arest.\u201d, a declarat Mihai Rapcea, avocatul Stegarului Dac, Cezar Avramu\u021b\u0103.<\/p>\n<p>Decizia nu este definitiv\u0103, ceea ce \u00eenseamn\u0103 c\u0103 Avramu\u021b\u0103 r\u0103m\u00e2ne \u00een libertate p\u00e2n\u0103 la solu\u021bionarea definitiv\u0103 a contesta\u021biei.<\/p>","protected":false},"excerpt":{"rendered":"<p>Avocatul lui Avramu\u021b\u0103 a declarat, \u00een exclusivitate pentru Realitatea PLUS, c\u0103 m\u0103sura este rezultatul unui&hellip;<\/p>\n","protected":false},"author":0,"featured_media":47798,"comment_status":"open","ping_status":"open","sticky":false,"template":"","format":"standard","meta":{"footnotes":""},"categories":[2],"tags":[],"class_list":["post-47797","post","type-post","status-publish","format-standard","has-post-thumbnail","hentry","category-actual"],"_links":{"self":[{"href":"https:\/\/247stiri.ro\/index.php\/wp-json\/wp\/v2\/posts\/47797","targetHints":{"allow":["GET"]}}],"collection":[{"href":"https:\/\/247stiri.ro\/index.php\/wp-json\/wp\/v2\/posts"}],"about":[{"href":"https:\/\/247stiri.ro\/index.php\/wp-json\/wp\/v2\/types\/post"}],"replies":[{"embeddable":true,"href":"https:\/\/247stiri.ro\/index.php\/wp-json\/wp\/v2\/comments?post=47797"}],"version-history":[{"count":0,"href":"https:\/\/247stiri.ro\/index.php\/wp-json\/wp\/v2\/posts\/47797\/revisions"}],"wp:featuredmedia":[{"embeddable":true,"href":"https:\/\/247stiri.ro\/index.php\/wp-json\/wp\/v2\/media\/47798"}],"wp:attachment":[{"href":"https:\/\/247stiri.ro\/index.php\/wp-json\/wp\/v2\/media?parent=47797"}],"wp:term":[{"taxonomy":"category","embeddable":true,"href":"https:\/\/247stiri.ro\/index.php\/wp-json\/wp\/v2\/categories?post=47797"},{"taxonomy":"post_tag","embeddable":true,"href":"https:\/\/247stiri.ro\/index.php\/wp-json\/wp\/v2\/tags?post=47797"}],"curies":[{"name":"wp","href":"https:\/\/api.w.org\/{rel}","templated":true}]}}