{"id":47799,"date":"2025-04-17T07:45:03","date_gmt":"2025-04-17T07:45:03","guid":{"rendered":"https:\/\/247stiri.ro\/index.php\/2025\/04\/17\/alerta-anm-cod-galben-de-ploi-si-vijelii-in-mare-parte-din-tara-care-sunt-judetele-vizate\/"},"modified":"2025-04-17T07:45:03","modified_gmt":"2025-04-17T07:45:03","slug":"alerta-anm-cod-galben-de-ploi-si-vijelii-in-mare-parte-din-tara-care-sunt-judetele-vizate","status":"publish","type":"post","link":"https:\/\/247stiri.ro\/index.php\/2025\/04\/17\/alerta-anm-cod-galben-de-ploi-si-vijelii-in-mare-parte-din-tara-care-sunt-judetele-vizate\/","title":{"rendered":"Alert\u0103 ANM. Cod Galben de ploi \u0219i vijelii \u00een mare parte din \u021bar\u0103. Care sunt jude\u021bele vizate"},"content":{"rendered":"<p>\u00cencep\u00e2nd de joi, de la ora 10.00, \u0219i p\u00e2n\u0103 vineri, la ora 23.00, vor fi intensific\u0103ri ale v\u00e2ntului, instabilitate atmosferic\u0103, cantit\u0103\u021bi de ap\u0103 \u00eensemnate \u00een mai multe zone din \u021bar\u0103.<\/p>\n<p>Potrivit <a href=\"https:\/\/www.realitatea.net\/stiri\/actual\/vremea-ne-rasfata-de-sarbatorile-pascale-surprizele-placute-pe-care-ni-le-rezerva-natura-in-urmatoarele-zile-dezvaluite-de-anm_67ff56dcf0ea1a779465e268\" target=\"_blank\">ANM,<\/a> \u00een intervalul men\u021bionat, local \u0219i temporar, \u00een majoritatea regiunilor, v\u00e2ntul va avea intensific\u0103ri cu viteze \u00een general de 40&#8230;50 km\/h, iar \u00een zona montan\u0103 \u00eenalt\u0103 de 60&#8230;80 km\/h.<\/p>\n<p>\u00cencep\u00e2nd din seara zilei de joi (17 aprilie) vor fi perioade cu averse \u0219i desc\u0103rc\u0103ri electrice \u00een Banat \u0219i Cri\u0219ana, iar vineri \u0219i \u00een Transilvania, Oltenia, vestul Munteniei \u0219i \u00een Maramure\u0219, precum \u0219i \u00een zonele montane \u0219i pe arii restr\u00e2nse \u00een rest. \u00cen intervale scurte de timp sau prin acumulare, cantit\u0103\u021bile de ap\u0103 vor fi de 15&#8230;25 l\/mp \u0219i izolat de peste 30 l\/mp. Pe alocuri vor fi c\u0103deri de grindin\u0103 \u0219i vijelii.<\/p>\n<p>De asemenea, tot de joi, de la ora 10.00, p\u00e2n\u0103 la ora 23.00, e \u00een vigoare un cod galben de v\u00e2nt puternic. \u00cen Banat \u0219i \u00een cea mai mare parte a Moldovei, temporar v\u00e2ntul va avea intensific\u0103ri cu rafale de 50&#8230;60 km\/h, iar \u00een Mun\u021bii Banatului \u0219i vestul Carpa\u021bilor Meridionali de 75&#8230;90 km\/h.<\/p>\n\n<p>De asemenea, un alt cod galben va intra \u00een vigoare joi, la ora 23.00, \u0219i va fi valabil p\u00e2n\u0103 vineri, la ora 11. \u00cen acest interval, \u00een sudul Banatului, Oltenia \u0219i vestul Munteniei, temporar v\u00e2ntul va avea intensific\u0103ri cu viteze de 50&#8230;60 km\/h, iar \u00een Mun\u021bii Banatului \u0219i \u00een vestul Carpa\u021bilor Meridionali, rafalele vor dep\u0103\u0219i 80&#8230;90 km\/h.<\/p>\n\n<p>Totodat\u0103, meteorologii anun\u021b\u0103 c\u0103 de vineri, de la ora 11.00, \u0219i p\u00e2n\u0103 la ora 23.00, va fi cod galben de v\u00e2nt puternic \u0219i \u00een cea mai mare parte a Moldovei. Vor fi intensific\u0103ri ale v\u00e2ntului cu viteze de 50&#8230;60 km\/h.<\/p>","protected":false},"excerpt":{"rendered":"<p>\u00cencep\u00e2nd de joi, de la ora 10.00, \u0219i p\u00e2n\u0103 vineri, la ora 23.00, vor fi&hellip;<\/p>\n","protected":false},"author":0,"featured_media":47800,"comment_status":"open","ping_status":"open","sticky":false,"template":"","format":"standard","meta":{"footnotes":""},"categories":[2],"tags":[],"class_list":["post-47799","post","type-post","status-publish","format-standard","has-post-thumbnail","hentry","category-actual"],"_links":{"self":[{"href":"https:\/\/247stiri.ro\/index.php\/wp-json\/wp\/v2\/posts\/47799","targetHints":{"allow":["GET"]}}],"collection":[{"href":"https:\/\/247stiri.ro\/index.php\/wp-json\/wp\/v2\/posts"}],"about":[{"href":"https:\/\/247stiri.ro\/index.php\/wp-json\/wp\/v2\/types\/post"}],"replies":[{"embeddable":true,"href":"https:\/\/247stiri.ro\/index.php\/wp-json\/wp\/v2\/comments?post=47799"}],"version-history":[{"count":0,"href":"https:\/\/247stiri.ro\/index.php\/wp-json\/wp\/v2\/posts\/47799\/revisions"}],"wp:featuredmedia":[{"embeddable":true,"href":"https:\/\/247stiri.ro\/index.php\/wp-json\/wp\/v2\/media\/47800"}],"wp:attachment":[{"href":"https:\/\/247stiri.ro\/index.php\/wp-json\/wp\/v2\/media?parent=47799"}],"wp:term":[{"taxonomy":"category","embeddable":true,"href":"https:\/\/247stiri.ro\/index.php\/wp-json\/wp\/v2\/categories?post=47799"},{"taxonomy":"post_tag","embeddable":true,"href":"https:\/\/247stiri.ro\/index.php\/wp-json\/wp\/v2\/tags?post=47799"}],"curies":[{"name":"wp","href":"https:\/\/api.w.org\/{rel}","templated":true}]}}