{"id":47826,"date":"2025-04-17T09:44:52","date_gmt":"2025-04-17T09:44:52","guid":{"rendered":"https:\/\/247stiri.ro\/index.php\/2025\/04\/17\/ancheta-la-parchet-in-plina-campanie-electorala-10-plangeri-penale-pe-numele-lui-victor-ponta-dupa-inundarea-romaniei-suveranistul-vopsit-este-incoltit\/"},"modified":"2025-04-17T09:44:52","modified_gmt":"2025-04-17T09:44:52","slug":"ancheta-la-parchet-in-plina-campanie-electorala-10-plangeri-penale-pe-numele-lui-victor-ponta-dupa-inundarea-romaniei-suveranistul-vopsit-este-incoltit","status":"publish","type":"post","link":"https:\/\/247stiri.ro\/index.php\/2025\/04\/17\/ancheta-la-parchet-in-plina-campanie-electorala-10-plangeri-penale-pe-numele-lui-victor-ponta-dupa-inundarea-romaniei-suveranistul-vopsit-este-incoltit\/","title":{"rendered":"Anchet\u0103 la Parchet \u00een plin\u0103 campanie electoral\u0103. 10 pl\u00e2ngeri penale pe numele lui Victor Ponta dup\u0103 inundarea Rom\u00e2niei. Suveranistul vopsit este \u00eencol\u021bit"},"content":{"rendered":"<p>Pe numele lui <a href=\"https:\/\/www.realitatea.net\/stiri\/politica\/de-unde-are-victor-ponta-bani-in-conditiile-in-care-firma-lui-este-pe-minus-cine-il-finanteaza-pe-suveranistul-vopsit_67ff6cfefcc471768b333bc5\" target=\"_blank\">Victor Ponta<\/a> a fost \u00eenregistrate, la Parchetul General, 10 pl\u00e2ngeri penale cu privire la declara\u021biile pe care le-a f\u0103cut acesta, \u00een spa\u021biul public.\u00a0<\/p>\n<p>De asemenea, \u00een aceste pl\u00e2ngeri sunt consemnate fapte deosebit de grave, respectiv \u0219i infrac\u021biunea de \u00eenalt\u0103 tr\u0103dare.\u00a0<\/p>\n<p>Pe de alt\u0103 parte, acesta ar putea fi audiat chiar \u00een plin\u0103 campanie electoral\u0103, p\u00e2n\u0103 la alegerile preziden\u021biale din data de 4 mai, dac\u0103 procurorii vor decide acest lucru.\u00a0<\/p>\n<p>Aceste dosare sunt in rem, vizeaz\u0103 faptele \u0219i nu persoana \u00een sine, \u00eens\u0103 se poate modifica acest lucru, dac\u0103 procurorii vor decide c\u0103 exist\u0103 numeroase dovezi, dar \u0219i argumente pentru care s\u0103 fie audiat \u0219i s\u0103 schimbe toate aceste elemente din cadrul acestor anchete penale.\u00a0<\/p>\n<p>Vorbim despre o declara\u021bie pe care a f\u0103cut-o Victor Ponta, \u00een urm\u0103 cu c\u00e2teva s\u0103pt\u0103m\u00e2ni, \u00een spa\u021biul public, conform c\u0103reia ar fi inundat mai multe gospod\u0103rii \u0219i mai multe localit\u0103\u021bi din Rom\u00e2nia, \u00een anul 2014, pentru a evita un dezastru \u00een capitala Serbiei.\u00a0<\/p>","protected":false},"excerpt":{"rendered":"<p>Pe numele lui Victor Ponta a fost \u00eenregistrate, la Parchetul General, 10 pl\u00e2ngeri penale cu&hellip;<\/p>\n","protected":false},"author":0,"featured_media":47824,"comment_status":"open","ping_status":"open","sticky":false,"template":"","format":"standard","meta":{"footnotes":""},"categories":[2],"tags":[],"class_list":["post-47826","post","type-post","status-publish","format-standard","has-post-thumbnail","hentry","category-actual"],"_links":{"self":[{"href":"https:\/\/247stiri.ro\/index.php\/wp-json\/wp\/v2\/posts\/47826","targetHints":{"allow":["GET"]}}],"collection":[{"href":"https:\/\/247stiri.ro\/index.php\/wp-json\/wp\/v2\/posts"}],"about":[{"href":"https:\/\/247stiri.ro\/index.php\/wp-json\/wp\/v2\/types\/post"}],"replies":[{"embeddable":true,"href":"https:\/\/247stiri.ro\/index.php\/wp-json\/wp\/v2\/comments?post=47826"}],"version-history":[{"count":0,"href":"https:\/\/247stiri.ro\/index.php\/wp-json\/wp\/v2\/posts\/47826\/revisions"}],"wp:featuredmedia":[{"embeddable":true,"href":"https:\/\/247stiri.ro\/index.php\/wp-json\/wp\/v2\/media\/47824"}],"wp:attachment":[{"href":"https:\/\/247stiri.ro\/index.php\/wp-json\/wp\/v2\/media?parent=47826"}],"wp:term":[{"taxonomy":"category","embeddable":true,"href":"https:\/\/247stiri.ro\/index.php\/wp-json\/wp\/v2\/categories?post=47826"},{"taxonomy":"post_tag","embeddable":true,"href":"https:\/\/247stiri.ro\/index.php\/wp-json\/wp\/v2\/tags?post=47826"}],"curies":[{"name":"wp","href":"https:\/\/api.w.org\/{rel}","templated":true}]}}