{"id":47832,"date":"2025-04-17T09:44:55","date_gmt":"2025-04-17T09:44:55","guid":{"rendered":"https:\/\/247stiri.ro\/index.php\/2025\/04\/17\/un-barbat-din-braila-cercetat-sub-control-judiciar-dupa-ce-a-pretins-ca-este-avocat-si-a-reprezentat-diferite-persoane-in-fata-mai-multor-instante\/"},"modified":"2025-04-17T09:44:55","modified_gmt":"2025-04-17T09:44:55","slug":"un-barbat-din-braila-cercetat-sub-control-judiciar-dupa-ce-a-pretins-ca-este-avocat-si-a-reprezentat-diferite-persoane-in-fata-mai-multor-instante","status":"publish","type":"post","link":"https:\/\/247stiri.ro\/index.php\/2025\/04\/17\/un-barbat-din-braila-cercetat-sub-control-judiciar-dupa-ce-a-pretins-ca-este-avocat-si-a-reprezentat-diferite-persoane-in-fata-mai-multor-instante\/","title":{"rendered":"Un b\u0103rbat din Br\u0103ila, cercetat sub control judiciar dup\u0103 ce a pretins c\u0103 este avocat \u015fi a reprezentat diferite persoane \u00een fa\u0163a mai multor instan\u0163e"},"content":{"rendered":"<p>Reprezentan\u0163ii Parchetului de pe l\u00e2ng\u0103 Judec\u0103toria Br\u0103ila au anun\u0163at, joi, c\u0103 un b\u0103rbat este anchetat pentru comiterea infrac\u0163iunii de exercitare f\u0103r\u0103 drept a unei profesii sau activit\u0103\u0163i.\u00a0\u00a0\u201d\u00cen urma administr\u0103rii probatoriului a rezultat c\u0103 \u00een perioada 2014 \u2013 aprilie 2025, \u00een baza aceleia\u015fi rezolu\u0163ii infrac\u0163ionale, la diferite intervale de timp, f\u0103r\u0103 s\u0103 de\u0163in\u0103 acest drept, a exercitat acte specifice profesiei de avocat, respectiv a reprezentat \u00een fa\u0163a instan\u0163elor judec\u0103tore\u015fti \u015fi a parchetelor din jude\u0163ul Br\u0103ila \u015fi din jude\u0163ul Gala\u0163i diferite persoane, prin redactarea de cereri de chemare \u00een judecat\u0103, \u00eent\u00e2mpin\u0103ri, cereri reconven\u0163ionale, cereri de apel, contesta\u0163ii, cereri de prelungire a dreptului de circula\u0163ie, cereri de am\u00e2nare \u015fi prin formularea altor solicit\u0103ri procedurale\u201d, au afirmat procurorii.\u00a0Ei au ad\u0103ugat c\u0103 b\u0103rbatul \u015fi-a indicat propriul domiciliu drept adres\u0103 pentru comunicarea actelor de procedur\u0103 \u015fi a \u00eencasat de la persoanele reprezentate diferite sume de bani pentru aceste activit\u0103\u0163i.\u00a0El este cercetat sub control judiciar.<\/p>","protected":false},"excerpt":{"rendered":"<p>Reprezentan\u0163ii Parchetului de pe l\u00e2ng\u0103 Judec\u0103toria Br\u0103ila au anun\u0163at, joi, c\u0103 un b\u0103rbat este anchetat&hellip;<\/p>\n","protected":false},"author":0,"featured_media":47833,"comment_status":"open","ping_status":"open","sticky":false,"template":"","format":"standard","meta":{"footnotes":""},"categories":[2],"tags":[],"class_list":["post-47832","post","type-post","status-publish","format-standard","has-post-thumbnail","hentry","category-actual"],"_links":{"self":[{"href":"https:\/\/247stiri.ro\/index.php\/wp-json\/wp\/v2\/posts\/47832","targetHints":{"allow":["GET"]}}],"collection":[{"href":"https:\/\/247stiri.ro\/index.php\/wp-json\/wp\/v2\/posts"}],"about":[{"href":"https:\/\/247stiri.ro\/index.php\/wp-json\/wp\/v2\/types\/post"}],"replies":[{"embeddable":true,"href":"https:\/\/247stiri.ro\/index.php\/wp-json\/wp\/v2\/comments?post=47832"}],"version-history":[{"count":0,"href":"https:\/\/247stiri.ro\/index.php\/wp-json\/wp\/v2\/posts\/47832\/revisions"}],"wp:featuredmedia":[{"embeddable":true,"href":"https:\/\/247stiri.ro\/index.php\/wp-json\/wp\/v2\/media\/47833"}],"wp:attachment":[{"href":"https:\/\/247stiri.ro\/index.php\/wp-json\/wp\/v2\/media?parent=47832"}],"wp:term":[{"taxonomy":"category","embeddable":true,"href":"https:\/\/247stiri.ro\/index.php\/wp-json\/wp\/v2\/categories?post=47832"},{"taxonomy":"post_tag","embeddable":true,"href":"https:\/\/247stiri.ro\/index.php\/wp-json\/wp\/v2\/tags?post=47832"}],"curies":[{"name":"wp","href":"https:\/\/api.w.org\/{rel}","templated":true}]}}