{"id":47840,"date":"2025-04-17T10:45:07","date_gmt":"2025-04-17T10:45:07","guid":{"rendered":"https:\/\/247stiri.ro\/index.php\/2025\/04\/17\/dovada-care-demonteaza-atacul-perfid-la-adresa-lui-crin-antonescu-crin-antonescu-prezinta-toate-probele-la-ora-1700-document-foto\/"},"modified":"2025-04-17T10:45:07","modified_gmt":"2025-04-17T10:45:07","slug":"dovada-care-demonteaza-atacul-perfid-la-adresa-lui-crin-antonescu-crin-antonescu-prezinta-toate-probele-la-ora-1700-document-foto","status":"publish","type":"post","link":"https:\/\/247stiri.ro\/index.php\/2025\/04\/17\/dovada-care-demonteaza-atacul-perfid-la-adresa-lui-crin-antonescu-crin-antonescu-prezinta-toate-probele-la-ora-1700-document-foto\/","title":{"rendered":"Dovada care demonteaz\u0103 atacul perfid la adresa lui Crin Antonescu. Crin Antonescu prezint\u0103 toate probele la ora 17:00 &#8211; DOCUMENT\/FOTO"},"content":{"rendered":"<p>Documentul integral va fi prezentat la ora 17:00, \u00eentr-o conferin\u021b\u0103 de pres\u0103 anun\u021bat\u0103 de candidatul comun al Coali\u021biei.<\/p>\n\n<p>Captur\u0103 dup\u0103 declara\u021bia olograf\u0103 dat\u0103 de Crin Antonescu<\/p>\n<p>De asemenea, \u00eentr-o fotografie prezentat\u0103 de Realitatea Plus, Crin Antonescu apare \u00eentr-un grup de prieteni, \u00eentre care \u0219i \u0218tefan Iordache, cel care a \u00eencercat s\u0103 fug\u0103 din Rom\u00e2nia comunist\u0103, dar nu a reu\u0219it. A\u0219a cum se proceda \u00een astfel de situa\u021bii, persoane din anturajul b\u0103rbatului, \u00eentre care \u0219i Antonescu, au fost interogate de Securitate, pentru a se stabili leg\u0103turile cu astfel de ac\u021biuni care erau condamnate de codul penal comunist.<\/p>\n\n<p>Niciunul dintre apropia\u021bii lui Costache n-a f\u0103cut declaran\u021bii compromi\u021b\u0103toare la adresa acestuia, a\u0219a c\u0103 acesta a putut \u00eencerca din nou s\u0103 p\u0103r\u0103seasc\u0103 \u021bara \u0219i chiar a reu\u0219it, stabilindu-se \u00een Canada. De altfel, chiar cel vizat a declarant, pentru un post TV, c\u0103 a avut deplin\u0103 \u00eencredere \u00een Antonescu \u0219i dac\u0103 acesta l-ar fi tr\u0103dat, nu reu\u0219ea s\u0103 fug\u0103 din Rom\u00e2nia.<\/p>\n<p>Costache a dezv\u0103luit c\u0103 l-a rugat pe Antonescu ca abia la 2 s\u0103pt\u0103m\u00e2ni dup\u0103 plecarea sa s\u0103 le transmit p\u0103rin\u021bilor ce s-a \u00eent\u00e2mplat.<\/p>\n<p>\u00cen anii \u201970 dar mai ales \u201980, c\u00e2nd societatea rom\u00e2neasc\u0103 era \u00eenchistat\u0103 \u00een supunerea general\u0103 fa\u021b\u0103 de totalitarismul ceau\u0219ist, fuga rom\u00e2nilor \u00een Occident a reprezentat singura form\u0103 de respingere a regimului care s-a manifestat tacit \u015fi a avut o amplitudine de fenomen, noteaz\u0103 un<a href=\"https:\/\/revistapolis.ro\/438-lpacurar\/\" target=\"_blank\"> studiu<\/a> pe aceast\u0103 tem\u0103.<\/p>","protected":false},"excerpt":{"rendered":"<p>Documentul integral va fi prezentat la ora 17:00, \u00eentr-o conferin\u021b\u0103 de pres\u0103 anun\u021bat\u0103 de candidatul&hellip;<\/p>\n","protected":false},"author":0,"featured_media":47841,"comment_status":"open","ping_status":"open","sticky":false,"template":"","format":"standard","meta":{"footnotes":""},"categories":[3],"tags":[],"class_list":["post-47840","post","type-post","status-publish","format-standard","has-post-thumbnail","hentry","category-politica"],"_links":{"self":[{"href":"https:\/\/247stiri.ro\/index.php\/wp-json\/wp\/v2\/posts\/47840","targetHints":{"allow":["GET"]}}],"collection":[{"href":"https:\/\/247stiri.ro\/index.php\/wp-json\/wp\/v2\/posts"}],"about":[{"href":"https:\/\/247stiri.ro\/index.php\/wp-json\/wp\/v2\/types\/post"}],"replies":[{"embeddable":true,"href":"https:\/\/247stiri.ro\/index.php\/wp-json\/wp\/v2\/comments?post=47840"}],"version-history":[{"count":0,"href":"https:\/\/247stiri.ro\/index.php\/wp-json\/wp\/v2\/posts\/47840\/revisions"}],"wp:featuredmedia":[{"embeddable":true,"href":"https:\/\/247stiri.ro\/index.php\/wp-json\/wp\/v2\/media\/47841"}],"wp:attachment":[{"href":"https:\/\/247stiri.ro\/index.php\/wp-json\/wp\/v2\/media?parent=47840"}],"wp:term":[{"taxonomy":"category","embeddable":true,"href":"https:\/\/247stiri.ro\/index.php\/wp-json\/wp\/v2\/categories?post=47840"},{"taxonomy":"post_tag","embeddable":true,"href":"https:\/\/247stiri.ro\/index.php\/wp-json\/wp\/v2\/tags?post=47840"}],"curies":[{"name":"wp","href":"https:\/\/api.w.org\/{rel}","templated":true}]}}