{"id":47858,"date":"2025-04-17T11:44:49","date_gmt":"2025-04-17T11:44:49","guid":{"rendered":"https:\/\/247stiri.ro\/index.php\/2025\/04\/17\/anunt-de-ultima-ora-din-partea-conducerii-spitalului-sfantul-spiridon-din-iasi-de-ce-au-murit-cei-doi-rezidenti-si-brancardierul\/"},"modified":"2025-04-17T11:44:49","modified_gmt":"2025-04-17T11:44:49","slug":"anunt-de-ultima-ora-din-partea-conducerii-spitalului-sfantul-spiridon-din-iasi-de-ce-au-murit-cei-doi-rezidenti-si-brancardierul","status":"publish","type":"post","link":"https:\/\/247stiri.ro\/index.php\/2025\/04\/17\/anunt-de-ultima-ora-din-partea-conducerii-spitalului-sfantul-spiridon-din-iasi-de-ce-au-murit-cei-doi-rezidenti-si-brancardierul\/","title":{"rendered":"Anun\u021b de ultim\u0103 or\u0103 din partea conducerii Spitalului \u201dSf\u00e2ntul Spiridon\u201d din Ia\u015fi: de ce au murit cei doi reziden\u021bi \u0219i brancardierul"},"content":{"rendered":"<p>\u201d\u00cen urma evalu\u0103rilor interne \u015fi a informa\u0163iilor disponibile, cauzele deceselor sunt legate de afec\u0163iuni medicale care nu au nicio leg\u0103tur\u0103 cu activitatea profesional\u0103 desf\u0103\u015furat\u0103 \u00een spital. Specula\u0163iile privind o posibil\u0103 suprasolicitare nu se confirm\u0103 \u015fi sunt ne\u00eentemeiate. Spitalul coopereaz\u0103 cu autorit\u0103\u0163ile abilitate pentru clarficarea aspectelor legate de aceste evenimente\u201d, a declarat joi, managerul Spitalului \u201dSf\u00e2ntul Spiridon\u201d din Ia\u015fi, Daniel Timofte.<\/p>\n<p>Doi medici reziden\u0163i de la Institutul de Gastroenterologie \u015fi Hepatologie (IGH) din cadrul Spitalului \u201dSf\u00e2ntul Spiridon\u201d din Ia\u015fi au murit la un interval de dou\u0103 s\u0103pt\u0103m\u00e2ni, conducerea IGH solicit\u00e2nd Inspectoratului Teritorial de Munc\u0103 s\u0103 fac\u0103 verific\u0103ri \u00een cadrul sec\u0163iei.<\/p>\n<p>Potrivit conducerii spitalului \u201dSf\u00e2ntul Spiridon\u201d din Ia\u015fi, unul dintre medicii reziden\u0163i, care a decedat duminica trecut\u0103, urma un tratament medical, el fiind de c\u00e2teva luni \u00een eviden\u0163ele Spitalului de Pneumoftiziologie din Ia\u015fi.<\/p>\n<p>Cel\u0103lalt deces, al unui medic rezident originar din B\u00e2rlad, jude\u0163ul Vaslui, a survenit pe 28 martie. El a murit \u00een timp ce se afla acas\u0103, iar surse medicale afirm\u0103 c\u0103 t\u00e2n\u0103rul ar fi avut \u015fi el probleme de s\u0103n\u0103tate.<\/p>\n<p>Un brancardier de 54 de ani din cadrul Spitalului \u201dSf\u00e2ntul Spiridon\u201d a murit la \u00eenceputul acestei s\u0103pt\u0103m\u00e2ni, dup\u0103 ce a suferit un infarct la scurt timp dup\u0103 ce a ie\u015fit din tur\u0103.<\/p>","protected":false},"excerpt":{"rendered":"<p>\u201d\u00cen urma evalu\u0103rilor interne \u015fi a informa\u0163iilor disponibile, cauzele deceselor sunt legate de afec\u0163iuni medicale&hellip;<\/p>\n","protected":false},"author":0,"featured_media":47859,"comment_status":"open","ping_status":"open","sticky":false,"template":"","format":"standard","meta":{"footnotes":""},"categories":[2],"tags":[],"class_list":["post-47858","post","type-post","status-publish","format-standard","has-post-thumbnail","hentry","category-actual"],"_links":{"self":[{"href":"https:\/\/247stiri.ro\/index.php\/wp-json\/wp\/v2\/posts\/47858","targetHints":{"allow":["GET"]}}],"collection":[{"href":"https:\/\/247stiri.ro\/index.php\/wp-json\/wp\/v2\/posts"}],"about":[{"href":"https:\/\/247stiri.ro\/index.php\/wp-json\/wp\/v2\/types\/post"}],"replies":[{"embeddable":true,"href":"https:\/\/247stiri.ro\/index.php\/wp-json\/wp\/v2\/comments?post=47858"}],"version-history":[{"count":0,"href":"https:\/\/247stiri.ro\/index.php\/wp-json\/wp\/v2\/posts\/47858\/revisions"}],"wp:featuredmedia":[{"embeddable":true,"href":"https:\/\/247stiri.ro\/index.php\/wp-json\/wp\/v2\/media\/47859"}],"wp:attachment":[{"href":"https:\/\/247stiri.ro\/index.php\/wp-json\/wp\/v2\/media?parent=47858"}],"wp:term":[{"taxonomy":"category","embeddable":true,"href":"https:\/\/247stiri.ro\/index.php\/wp-json\/wp\/v2\/categories?post=47858"},{"taxonomy":"post_tag","embeddable":true,"href":"https:\/\/247stiri.ro\/index.php\/wp-json\/wp\/v2\/tags?post=47858"}],"curies":[{"name":"wp","href":"https:\/\/api.w.org\/{rel}","templated":true}]}}