{"id":47862,"date":"2025-04-17T11:44:50","date_gmt":"2025-04-17T11:44:50","guid":{"rendered":"https:\/\/247stiri.ro\/index.php\/2025\/04\/17\/cum-va-fi-vremea-de-paste-anuntul-de-ultima-ora-al-meteorologilor\/"},"modified":"2025-04-17T11:44:50","modified_gmt":"2025-04-17T11:44:50","slug":"cum-va-fi-vremea-de-paste-anuntul-de-ultima-ora-al-meteorologilor","status":"publish","type":"post","link":"https:\/\/247stiri.ro\/index.php\/2025\/04\/17\/cum-va-fi-vremea-de-paste-anuntul-de-ultima-ora-al-meteorologilor\/","title":{"rendered":"Cum va fi vremea de Pa\u0219te. Anun\u021bul de ultim\u0103 or\u0103 al meteorologilor"},"content":{"rendered":"<p>Alina \u0218erban, meteorolog de serviciu \u00een cadrul Administra\u021biei Na\u021bionale de Meteorologie (ANM), a declarat, joi, c\u0103 \u00een majoritatea regiunilor, chiar dac\u0103 cerul fi variabil \u0219i vor exista episoade cu averse scurte de ploaie \u00eenso\u021bite de desc\u0103rc\u0103ri electrice \u00een unele zone.<\/p>\n<p>\u201dSe pare c\u0103, din punct de vedere termic, at\u00e2t duminic\u0103, c\u00e2t \u0219i luni ne p\u0103str\u0103m cu un regim peste ceea ce ar trebui s\u0103 avem la aceast\u0103 dat\u0103. Mai exact, temperaturi maxime ce se vor situa, \u00een marea lor majoritate, \u00eentre 16 \u0219i 17 grade, valori estimate pentru zona Litoralului \u0219i depresiunile din estul Transilvaniei, \u0219i cel mult 23-24 grade, izolat poate chiar 25 de grade Celsius, estimate pentru partea de sud a teritoriului, pentru zona Olteniei \u0219i a Munteniei. \u00cen restul teritoriului, temperaturile maxime vor \u00eenregistra valori de 20 de grade \u0219i u\u0219or peste, p\u00e2n\u0103 la 22-23 de grade Celsius, \u00een condi\u021biile \u00een care vom avea un cer variabil, cu \u00eennor\u0103ri temporare mai degrab\u0103 dup\u0103-amiaza \u0219i seara, \u00een mod deosebit \u00een partea de nord, de centru, de est a teritoriului, unde se vor semnala averse, foarte probabil \u00eenso\u021bite \u0219i de desc\u0103rc\u0103ri electrice. Acest lucru \u00eenseamn\u0103 c\u0103 ploile se vor semnala pentru intervale scurte de timp, \u00een noaptea de \u00cenviere\u201d, a declarat Alina \u0218erban pentru <a href=\"https:\/\/agerpres.ro\/social\/2025\/04\/17\/meteorolog-vreme-mai-calda-decat-normalul-perioadei-de-paste-scurte-averse-in-noaptea-de-inviere-in---1441457\" target=\"_blank\">Agerpres.\u00a0<\/a><\/p>\n<p>Potrivit meteorologului<a href=\"https:\/\/www.realitatea.net\/stiri\/actual\/alerta-anm-cod-galben-de-ploi-si-vijelii-in-mare-parte-din-tara-care-sunt-judetele-zonele-vizate_6800abedb80fc20c803cc292\" target=\"_blank\"> ANM,<\/a> valorile termice minime estimate pentru perioada S\u0103rb\u0103torilor Pascale vor oscila \u00eentre 4 grade, \u00een zona depresionar\u0103 din estul Transilvaniei, \u0219i 12 grade \u00een partea de vest a teritoriului.<\/p>\n<p>\u201dTemperaturile minime se vor situa \u00eentre 4 \u0219i 5 grade \u00een depresiunea din estul Transilvaniei, \u0219i 10-11, chiar 12 grade Celsius, \u00een partea de vest a teritoriului, \u00een mod deosebit \u00een zona deluroas\u0103. \u00cen marea lor majoritate, putem spune c\u0103 vor fi \u00eentre 6 \u0219i 7, spre 9 grade Celsius, \u00een condi\u021biile \u00een care \u0219i \u00een noaptea de \u00cenviere vom avea un cer variabil, foarte pu\u021bini nori. Poate prin nord, prin centrul Transilvaniei, \u00een zona de nord a Moldovei, doar cu totul izolat, vor fi ploi slabe \u0219i \u00een noaptea de duminic\u0103 spre luni. Luni spre mar\u021bi, regimul termic va fi unul asem\u0103n\u0103tor, cu un cer variabil, chiar cu perioade f\u0103r\u0103 precipita\u021bii. Duminic\u0103 vom avea un regim termic asem\u0103n\u0103tor, poate chiar cu o vreme \u00een u\u0219oar\u0103 \u00eenc\u0103lzire \u00een partea de vest a teritoriului, astfel \u00eenc\u00e2t luni temperaturile maxime se estimeaz\u0103 a fi \u00eentre 16 \u0219i 18 grade \u0219i de 23 &#8211; 24 de grade, poate chiar 25 de grade, de data aceasta cu cele mai ridicate valori \u0219i \u00een vestul teritoriului, nu doar \u00een sud, adic\u0103 \u00een Banat, Cri\u0219ana, Oltenia \u0219i Muntenia\u201d, a subliniat meteorologul.<\/p>\n<p>\u00cen municipiul Bucure\u0219ti, prognoza de specialitate relev\u0103 un regim termic cald, cu maxime de de p\u00e2n\u0103 la 25 de grade pentru a doua zi de Pa\u0219te \u0219i cer variabil, cu 8-9 grade \u00een noaptea de \u00cenviere.<\/p>\n<p>\u201d\u00cen zona Capitalei, \u00een noaptea de \u00cenviere, estim\u0103m o temperatur\u0103 minim\u0103 de 8 &#8211; 9 grade Celsius, cu un cer variabil. Duminic\u0103, temperatura maxim\u0103 va fi de 20 de grade, p\u00e2n\u0103 \u00een jurul a 23 de grade, iar luni un regim termic un pic mai ridicat de at\u00e2t, cu 24-25 de grade Celsius, \u00een condi\u021bii de cer variabil. La momentul acesta nu se estimeaz\u0103 ploi \u00een zona Capitalei\u201d, a mai spus Alina \u0218erban.<\/p>","protected":false},"excerpt":{"rendered":"<p>Alina \u0218erban, meteorolog de serviciu \u00een cadrul Administra\u021biei Na\u021bionale de Meteorologie (ANM), a declarat, joi,&hellip;<\/p>\n","protected":false},"author":0,"featured_media":47863,"comment_status":"open","ping_status":"open","sticky":false,"template":"","format":"standard","meta":{"footnotes":""},"categories":[2],"tags":[],"class_list":["post-47862","post","type-post","status-publish","format-standard","has-post-thumbnail","hentry","category-actual"],"_links":{"self":[{"href":"https:\/\/247stiri.ro\/index.php\/wp-json\/wp\/v2\/posts\/47862","targetHints":{"allow":["GET"]}}],"collection":[{"href":"https:\/\/247stiri.ro\/index.php\/wp-json\/wp\/v2\/posts"}],"about":[{"href":"https:\/\/247stiri.ro\/index.php\/wp-json\/wp\/v2\/types\/post"}],"replies":[{"embeddable":true,"href":"https:\/\/247stiri.ro\/index.php\/wp-json\/wp\/v2\/comments?post=47862"}],"version-history":[{"count":0,"href":"https:\/\/247stiri.ro\/index.php\/wp-json\/wp\/v2\/posts\/47862\/revisions"}],"wp:featuredmedia":[{"embeddable":true,"href":"https:\/\/247stiri.ro\/index.php\/wp-json\/wp\/v2\/media\/47863"}],"wp:attachment":[{"href":"https:\/\/247stiri.ro\/index.php\/wp-json\/wp\/v2\/media?parent=47862"}],"wp:term":[{"taxonomy":"category","embeddable":true,"href":"https:\/\/247stiri.ro\/index.php\/wp-json\/wp\/v2\/categories?post=47862"},{"taxonomy":"post_tag","embeddable":true,"href":"https:\/\/247stiri.ro\/index.php\/wp-json\/wp\/v2\/tags?post=47862"}],"curies":[{"name":"wp","href":"https:\/\/api.w.org\/{rel}","templated":true}]}}