{"id":47867,"date":"2025-04-17T12:45:05","date_gmt":"2025-04-17T12:45:05","guid":{"rendered":"https:\/\/247stiri.ro\/index.php\/2025\/04\/17\/bomba-politica-a-momentului-ce-spune-george-simion-despre-relatia-cu-calin-georgescu-video\/"},"modified":"2025-04-17T12:45:05","modified_gmt":"2025-04-17T12:45:05","slug":"bomba-politica-a-momentului-ce-spune-george-simion-despre-relatia-cu-calin-georgescu-video","status":"publish","type":"post","link":"https:\/\/247stiri.ro\/index.php\/2025\/04\/17\/bomba-politica-a-momentului-ce-spune-george-simion-despre-relatia-cu-calin-georgescu-video\/","title":{"rendered":"Bomba politic\u0103 a momentului: ce spune George Simion despre rela\u021bia cu C\u0103lin Georgescu &#8211; VIDEO"},"content":{"rendered":"<p>\u201e(C\u0103lin Georgescu &#8211; N.R.) A fost \u00eentotdeauna un om elegant, un om corect \u00een rela\u021bia pe care am avut-o. Ne \u0219tim din martie 2020 \u0219i noi, c\u00e2nd am intrat \u00een Parlament, ne-am asumat public acest program de \u021bar\u0103.<\/p>\n<p>Suntem \u00een comunicare \u0219i sunt reprezentantul Mi\u0219c\u0103rii \u00abRom\u00e2nia, pe primul loc\u00bb, condus\u0103 de domnul Georgescu, \u00een aceast\u0103 b\u0103t\u0103lie electoral\u0103\u201d, a spus George Simion \u00eentr-o emisiune online.\u00a0<\/p>\n<p><a href=\"https:\/\/www.gandul.ro\/politica\/exclusiv-cat-de-apropiati-sunt-cu-adevarat-calin-georgescu-si-george-simion-20490274?uord=is%3D-kSYjsbqDI85IYQstNrMQZUdSylmymyy8uLXekPQkhFB6IaSPMA2GWd5rUlz2n66xmkQxptTAlBoGoGCZQDePNglfPGEyMHNSnVixlSy8uYPeiPj6hVuyIZKTOQc9-G7RNaGG%20\" target=\"_blank\">VIDEO<\/a><\/p>","protected":false},"excerpt":{"rendered":"<p>\u201e(C\u0103lin Georgescu &#8211; N.R.) A fost \u00eentotdeauna un om elegant, un om corect \u00een rela\u021bia&hellip;<\/p>\n","protected":false},"author":0,"featured_media":47868,"comment_status":"open","ping_status":"open","sticky":false,"template":"","format":"standard","meta":{"footnotes":""},"categories":[3],"tags":[],"class_list":["post-47867","post","type-post","status-publish","format-standard","has-post-thumbnail","hentry","category-politica"],"_links":{"self":[{"href":"https:\/\/247stiri.ro\/index.php\/wp-json\/wp\/v2\/posts\/47867","targetHints":{"allow":["GET"]}}],"collection":[{"href":"https:\/\/247stiri.ro\/index.php\/wp-json\/wp\/v2\/posts"}],"about":[{"href":"https:\/\/247stiri.ro\/index.php\/wp-json\/wp\/v2\/types\/post"}],"replies":[{"embeddable":true,"href":"https:\/\/247stiri.ro\/index.php\/wp-json\/wp\/v2\/comments?post=47867"}],"version-history":[{"count":0,"href":"https:\/\/247stiri.ro\/index.php\/wp-json\/wp\/v2\/posts\/47867\/revisions"}],"wp:featuredmedia":[{"embeddable":true,"href":"https:\/\/247stiri.ro\/index.php\/wp-json\/wp\/v2\/media\/47868"}],"wp:attachment":[{"href":"https:\/\/247stiri.ro\/index.php\/wp-json\/wp\/v2\/media?parent=47867"}],"wp:term":[{"taxonomy":"category","embeddable":true,"href":"https:\/\/247stiri.ro\/index.php\/wp-json\/wp\/v2\/categories?post=47867"},{"taxonomy":"post_tag","embeddable":true,"href":"https:\/\/247stiri.ro\/index.php\/wp-json\/wp\/v2\/tags?post=47867"}],"curies":[{"name":"wp","href":"https:\/\/api.w.org\/{rel}","templated":true}]}}