{"id":47888,"date":"2025-04-17T13:45:13","date_gmt":"2025-04-17T13:45:13","guid":{"rendered":"https:\/\/247stiri.ro\/index.php\/2025\/04\/17\/alegeri-prezidentiale-2025-sedinte-cruciala-la-aep-si-cab-magistratii-transeaza-raboiul-dintre-lasconi-rezisti-si-nicusor-dan\/"},"modified":"2025-04-17T13:45:13","modified_gmt":"2025-04-17T13:45:13","slug":"alegeri-prezidentiale-2025-sedinte-cruciala-la-aep-si-cab-magistratii-transeaza-raboiul-dintre-lasconi-rezisti-si-nicusor-dan","status":"publish","type":"post","link":"https:\/\/247stiri.ro\/index.php\/2025\/04\/17\/alegeri-prezidentiale-2025-sedinte-cruciala-la-aep-si-cab-magistratii-transeaza-raboiul-dintre-lasconi-rezisti-si-nicusor-dan\/","title":{"rendered":"Alegeri preziden\u021biale 2025. \u0218edin\u021be crucial\u0103 la AEP \u0219i CAB: magistra\u021bii tran\u0219eaz\u0103 r\u0103boiul dintre Lasconi, rezi\u0219ti \u0219i Nicu\u0219or Dan"},"content":{"rendered":"<p>La ora transmiterii acestei \u0219tiri, magistra\u021bii verific\u0103 contesta\u021biile depuse de avoca\u021bii Elenei Lasconi \u00een leg\u0103tur\u0103 cu decizia Biroului Na\u021bional al partidului \u00een leg\u0103tur\u0103 cu retragerea sprijinului.\u00a0<\/p>\n<p>Urmeaz\u0103 s\u0103 vedem ce se va \u00eent\u00e2mpla \u00een acest caz, av\u00e2nd \u00een vedere c\u0103 vorbim despre o \u0219edin\u021b\u0103 \u00een desf\u0103\u0219urare, care a \u00eenceput \u00een urm\u0103 cu aproximativ o or\u0103.\u00a0<\/p>\n<p>\u00cen paralel, vorbim despre un alt proces pentru c\u0103 un alt dosar a fost deschis. Magistra\u021bii urmeaz\u0103 s\u0103 dea \u0219i o decizie \u00een leg\u0103tur\u0103 cu contesta\u021biile depuse din partea USR privind decizia Biroului Electoral Central. Aceast\u0103 decizie, reamintim, a r\u0103mas \u00een pronun\u021bare \u0219i magistra\u021bii sunt a\u0219tepta\u021bi s\u0103 ia o decizie \u00een leg\u0103tur\u0103 cu acest caz. Partidului i s-a interzis s\u0103-i fac\u0103 campanie electoral\u0103 candidatului independent la alegerile preziden\u021biale, Nicu\u0219or Dan.\u00a0<\/p>\n<p>Pe de alt\u0103 parte, urmeaz\u0103 noi verific\u0103ri \u0219i asta deoarece AEP a anun\u021bat c\u0103 va verifica acele sume pe care USR le-a cheltuit p\u00e2n\u0103 \u00een prezent.\u00a0<\/p>\n<p>Potrivit informa\u021biilor Realitatea PLUS, USR a cheltuit 4,9 milioane de lei \u00eentre precampanie \u0219i campanie pentru a o sus\u021bine pe Elena Lasconi, \u00eens\u0103 AEP vrea s\u0103 verifice dac\u0103 nu s-au folosit \u0219i alte sume pentru a sus\u021bine un alt candidat.<\/p>","protected":false},"excerpt":{"rendered":"<p>La ora transmiterii acestei \u0219tiri, magistra\u021bii verific\u0103 contesta\u021biile depuse de avoca\u021bii Elenei Lasconi \u00een leg\u0103tur\u0103&hellip;<\/p>\n","protected":false},"author":0,"featured_media":47885,"comment_status":"open","ping_status":"open","sticky":false,"template":"","format":"standard","meta":{"footnotes":""},"categories":[2],"tags":[],"class_list":["post-47888","post","type-post","status-publish","format-standard","has-post-thumbnail","hentry","category-actual"],"_links":{"self":[{"href":"https:\/\/247stiri.ro\/index.php\/wp-json\/wp\/v2\/posts\/47888","targetHints":{"allow":["GET"]}}],"collection":[{"href":"https:\/\/247stiri.ro\/index.php\/wp-json\/wp\/v2\/posts"}],"about":[{"href":"https:\/\/247stiri.ro\/index.php\/wp-json\/wp\/v2\/types\/post"}],"replies":[{"embeddable":true,"href":"https:\/\/247stiri.ro\/index.php\/wp-json\/wp\/v2\/comments?post=47888"}],"version-history":[{"count":0,"href":"https:\/\/247stiri.ro\/index.php\/wp-json\/wp\/v2\/posts\/47888\/revisions"}],"wp:featuredmedia":[{"embeddable":true,"href":"https:\/\/247stiri.ro\/index.php\/wp-json\/wp\/v2\/media\/47885"}],"wp:attachment":[{"href":"https:\/\/247stiri.ro\/index.php\/wp-json\/wp\/v2\/media?parent=47888"}],"wp:term":[{"taxonomy":"category","embeddable":true,"href":"https:\/\/247stiri.ro\/index.php\/wp-json\/wp\/v2\/categories?post=47888"},{"taxonomy":"post_tag","embeddable":true,"href":"https:\/\/247stiri.ro\/index.php\/wp-json\/wp\/v2\/tags?post=47888"}],"curies":[{"name":"wp","href":"https:\/\/api.w.org\/{rel}","templated":true}]}}