{"id":47899,"date":"2025-04-17T14:44:56","date_gmt":"2025-04-17T14:44:56","guid":{"rendered":"https:\/\/247stiri.ro\/index.php\/2025\/04\/17\/lasconi-prima-reactie-dupa-decizia-cab-dreptatea-e-de-partea-noastra-mesajul-transmis-pucistilor-din-partid\/"},"modified":"2025-04-17T14:44:56","modified_gmt":"2025-04-17T14:44:56","slug":"lasconi-prima-reactie-dupa-decizia-cab-dreptatea-e-de-partea-noastra-mesajul-transmis-pucistilor-din-partid","status":"publish","type":"post","link":"https:\/\/247stiri.ro\/index.php\/2025\/04\/17\/lasconi-prima-reactie-dupa-decizia-cab-dreptatea-e-de-partea-noastra-mesajul-transmis-pucistilor-din-partid\/","title":{"rendered":"Lasconi, prima reac\u021bie dup\u0103 decizia CAB: &#8222;Dreptatea e de partea noastr\u0103&#8221;. Mesajul transmis puci\u0219tilor din partid"},"content":{"rendered":"<p>&#8222;Curtea de Apel Bucure\u0219ti a decis: pre\u0219edintele USR este singura persoan\u0103 care poate reprezenta partidul \u00een rela\u021bia cu institu\u021biile statului. USR are obliga\u021bia s\u0103 respecte decizia BEC, deci nu-i poate face campanie unui alt candidat.Totodat\u0103, am solicitat instan\u021bei s\u0103 constate nulitatea demersurilor f\u0103cute de Biroul Na\u021bional \u00een numele partidului, inclusiv contesta\u021bia depus\u0103 \u00eempotriva deciziei BEC care interzice USR s\u0103 fac\u0103 campanie pentru un alt candidat dec\u00e2t cel oficial. De asemenea, \u0219i contesta\u021bia depus\u0103 de Ionu\u021b Mo\u0219teanu, liderul deputa\u021bilor USR, pe persoan\u0103 fizic\u0103 a fost comb\u0103tut\u0103 printr-o cerere de interven\u021bie formulat\u0103 de mine, \u00een care am sus\u021binut legalitatea deciziei BEC, care a stabilit c\u0103 membrii USR trebuie s\u0103 promoveze candidatul partidului.\u00a0Le mul\u021bumesc din inim\u0103 echipei care a muncit neobosit \u00een ultimele zile \u0219i, mai ales, tuturor celor care mi-au fost al\u0103turi cu un mesaj, cu o vorb\u0103 bun\u0103, cu \u00eencredere. F\u0103r\u0103 voi, nu a\u0219 fi aici. Nu sunt singur\u0103 \u0219i nu voi fi niciodat\u0103, at\u00e2ta timp c\u00e2t ne dorim acelea\u0219i lucruri pentru Rom\u00e2nia. Am ar\u0103tat \u0219i voi ar\u0103ta c\u0103 am curaj s\u0103 fac dreptate!&#8221;, a scris Lasconi\u00a0 \u00eentr-un mesaj postat joi seara pe Facebook.\u00a0<\/p>","protected":false},"excerpt":{"rendered":"<p>&#8222;Curtea de Apel Bucure\u0219ti a decis: pre\u0219edintele USR este singura persoan\u0103 care poate reprezenta partidul&hellip;<\/p>\n","protected":false},"author":0,"featured_media":47900,"comment_status":"open","ping_status":"open","sticky":false,"template":"","format":"standard","meta":{"footnotes":""},"categories":[3],"tags":[],"class_list":["post-47899","post","type-post","status-publish","format-standard","has-post-thumbnail","hentry","category-politica"],"_links":{"self":[{"href":"https:\/\/247stiri.ro\/index.php\/wp-json\/wp\/v2\/posts\/47899","targetHints":{"allow":["GET"]}}],"collection":[{"href":"https:\/\/247stiri.ro\/index.php\/wp-json\/wp\/v2\/posts"}],"about":[{"href":"https:\/\/247stiri.ro\/index.php\/wp-json\/wp\/v2\/types\/post"}],"replies":[{"embeddable":true,"href":"https:\/\/247stiri.ro\/index.php\/wp-json\/wp\/v2\/comments?post=47899"}],"version-history":[{"count":0,"href":"https:\/\/247stiri.ro\/index.php\/wp-json\/wp\/v2\/posts\/47899\/revisions"}],"wp:featuredmedia":[{"embeddable":true,"href":"https:\/\/247stiri.ro\/index.php\/wp-json\/wp\/v2\/media\/47900"}],"wp:attachment":[{"href":"https:\/\/247stiri.ro\/index.php\/wp-json\/wp\/v2\/media?parent=47899"}],"wp:term":[{"taxonomy":"category","embeddable":true,"href":"https:\/\/247stiri.ro\/index.php\/wp-json\/wp\/v2\/categories?post=47899"},{"taxonomy":"post_tag","embeddable":true,"href":"https:\/\/247stiri.ro\/index.php\/wp-json\/wp\/v2\/tags?post=47899"}],"curies":[{"name":"wp","href":"https:\/\/api.w.org\/{rel}","templated":true}]}}