{"id":47914,"date":"2025-04-17T15:44:59","date_gmt":"2025-04-17T15:44:59","guid":{"rendered":"https:\/\/247stiri.ro\/index.php\/2025\/04\/17\/revoltator-ponta-se-scuza-dupa-autodenunt-am-uitat-ca-sunt-candidat-la-prezidentiale-suveranistul-vopsit-spune-ca-ar-inunda-din-nou-romania\/"},"modified":"2025-04-17T15:44:59","modified_gmt":"2025-04-17T15:44:59","slug":"revoltator-ponta-se-scuza-dupa-autodenunt-am-uitat-ca-sunt-candidat-la-prezidentiale-suveranistul-vopsit-spune-ca-ar-inunda-din-nou-romania","status":"publish","type":"post","link":"https:\/\/247stiri.ro\/index.php\/2025\/04\/17\/revoltator-ponta-se-scuza-dupa-autodenunt-am-uitat-ca-sunt-candidat-la-prezidentiale-suveranistul-vopsit-spune-ca-ar-inunda-din-nou-romania\/","title":{"rendered":"Revolt\u0103tor! Ponta se scuz\u0103 dup\u0103 autodenun\u021b: Am UITAT c\u0103 sunt candidat la preziden\u021biale! Suveranistul vopsit spune c\u0103 ar INUNDA din nou Rom\u00e2nia"},"content":{"rendered":"<p>Ponta: La sediul Guvernului, la Piata Victoriei, i-am convocat pe cei de la Hidroelectrica, Apele Romane, ISU, ce-or mai fi fost&#8230;<\/p>\n<p>Moderator: Cine a fost acolo?<\/p>\n<p>Ponta: Nu mai tin minte. Cu siguranta doamna Alexandrescu a fost ca era consilierul meu pe presa.<\/p>\n<p>Stiam ca se pregatea la &#8222;prietena mea&#8221;, doamna Anca Alexandrescu, niste filmulete cu morti, cu&#8230; Categoric exprimarea mea in acel moment, intr-un context prea prietenos, am uitat ca sunt candidat la preziden\u021biale, am crezut ca sunt Victor Ponta din 2021 si discutam lejer si exprimarea mea a fost total nefericita, total neclara.\u00a0<\/p>\n<p>Azi, daca as fi pus in aceeasi situatie, as face acelasi lucru. am facut o fapta buna de care sunt foarte mandru.<\/p>","protected":false},"excerpt":{"rendered":"<p>Ponta: La sediul Guvernului, la Piata Victoriei, i-am convocat pe cei de la Hidroelectrica, Apele&hellip;<\/p>\n","protected":false},"author":0,"featured_media":47915,"comment_status":"open","ping_status":"open","sticky":false,"template":"","format":"standard","meta":{"footnotes":""},"categories":[3],"tags":[],"class_list":["post-47914","post","type-post","status-publish","format-standard","has-post-thumbnail","hentry","category-politica"],"_links":{"self":[{"href":"https:\/\/247stiri.ro\/index.php\/wp-json\/wp\/v2\/posts\/47914","targetHints":{"allow":["GET"]}}],"collection":[{"href":"https:\/\/247stiri.ro\/index.php\/wp-json\/wp\/v2\/posts"}],"about":[{"href":"https:\/\/247stiri.ro\/index.php\/wp-json\/wp\/v2\/types\/post"}],"replies":[{"embeddable":true,"href":"https:\/\/247stiri.ro\/index.php\/wp-json\/wp\/v2\/comments?post=47914"}],"version-history":[{"count":0,"href":"https:\/\/247stiri.ro\/index.php\/wp-json\/wp\/v2\/posts\/47914\/revisions"}],"wp:featuredmedia":[{"embeddable":true,"href":"https:\/\/247stiri.ro\/index.php\/wp-json\/wp\/v2\/media\/47915"}],"wp:attachment":[{"href":"https:\/\/247stiri.ro\/index.php\/wp-json\/wp\/v2\/media?parent=47914"}],"wp:term":[{"taxonomy":"category","embeddable":true,"href":"https:\/\/247stiri.ro\/index.php\/wp-json\/wp\/v2\/categories?post=47914"},{"taxonomy":"post_tag","embeddable":true,"href":"https:\/\/247stiri.ro\/index.php\/wp-json\/wp\/v2\/tags?post=47914"}],"curies":[{"name":"wp","href":"https:\/\/api.w.org\/{rel}","templated":true}]}}