{"id":47920,"date":"2025-04-17T15:45:01","date_gmt":"2025-04-17T15:45:01","guid":{"rendered":"https:\/\/247stiri.ro\/index.php\/2025\/04\/17\/rezistii-nu-accepta-decizia-curtii-de-apel-ce-miscare-face-usr-in-scandalul-cu-elena-lasconi\/"},"modified":"2025-04-17T15:45:01","modified_gmt":"2025-04-17T15:45:01","slug":"rezistii-nu-accepta-decizia-curtii-de-apel-ce-miscare-face-usr-in-scandalul-cu-elena-lasconi","status":"publish","type":"post","link":"https:\/\/247stiri.ro\/index.php\/2025\/04\/17\/rezistii-nu-accepta-decizia-curtii-de-apel-ce-miscare-face-usr-in-scandalul-cu-elena-lasconi\/","title":{"rendered":"Rezi\u0219tii nu accept\u0103 decizia Cur\u021bii de Apel. Ce mi\u0219care face USR \u00een scandalul cu Elena Lasconi"},"content":{"rendered":"<p>\u201dUSR consider\u0103 periculoas\u0103 decizia Cur\u021bii de Apel Bucure\u0219ti prin care o instan\u021b\u0103 cenzureaz\u0103 deciziile forurilor politice ale unui partid \u0219i decide asupra unei strategii politice. Mai mult, decizia de ast\u0103zi interzice \u0219i unui membru de partid s\u0103 aib\u0103 propriile p\u0103reri politice. Partidele politice sunt expresia liber\u0103 a voin\u021bei cet\u0103\u021benilor care aleg s\u0103 se asocieze \u0219i s\u0103 ac\u021bioneze politic \u00een numele unor valori comune. At\u00e2t timp c\u00e2t o decizie este adoptat\u0103 \u00een forurile statutare ale unui partid \u0219i nu \u00eencalc\u0103 Constitu\u021bia, libertatea de exprimare nu ar trebui cenzurat\u0103. Vom face recurs \u00eempotriva deciziei Cur\u021bii de Apel Bucure\u0219ti, av\u00e2nd \u00een vedere libertatea g\u00e2ndirii, a opiniilor \u0219i a dreptului la liber\u0103 exprimare. Practic, unor cet\u0103\u021beni care s-au asociat \u00eentr-un partid li se interzice dreptul de a-\u0219i exprima voin\u021ba politic\u0103 \u00een mod liber \u0219i de a decide pe cine sus\u021bin\u201d, se arat\u0103 \u00eentr-un comunicat de pres\u0103 remis joi Agerpres de USR.<\/p>\n<p>Potrivit sursei citate, acesta este un precedent periculos, iar dac\u0103 aceast\u0103 decizie r\u0103m\u00e2ne definitiv\u0103, orice pre\u0219edinte de partid ar putea ac\u021biona \u00eempotriva propriului partid, bloc\u00e2nd decizii democratice luate \u00een mod statutar de forurile de conducere.<\/p>\n<p><a title='Lasconi, prima reactie dupa decizia CAB: \"Dreptatea e de partea noastra\". Mesajul transmis pucistilor din partid' href=\"https:\/\/www.realitatea.net\/stiri\/politica\/lasconi-prima-reactie-dupa-decizia-cab-dreptatea-e-de-partea-noastra-mesajul-transmis-rezistilor_6801113b9ff67164324bfd12\">Lasconi, prima reac\u021bie dup\u0103 decizia CAB: &#8222;Dreptatea e de partea noastr\u0103&#8221;. Mesajul transmis puci\u0219tilor din partid<\/a><\/p>\n<p>\u201dEste clar &#8211; \u0219i pentru noi, \u0219i pentru tot mai mul\u021bi rom\u00e2ni &#8211; c\u0103 un \u00eentreg sistem s-a pus \u00een mi\u0219care pentru a opri USR din a lua deciziile politice corecte \u00een aceast\u0103 perioad\u0103 dificil\u0103. Prin decizia Cur\u021bii de Apel de ast\u0103zi, prin promovarea ilegal\u0103 de care beneficiaz\u0103 din partea PSD \u0219i PNL, prin reac\u021bia nemai\u00eent\u00e2lnit de prompt\u0103 a AEP de a face verific\u0103ri. Noi nu renun\u021b\u0103m. Vom contesta decizia la \u00cenalta Curte de Casa\u021bie \u0219i Justi\u021bie. E lupta pentru democra\u021bie \u0219i adev\u0103r \u0219i pentru dreptul la libera exprimare a fiec\u0103rui rom\u00e2n\u201d, a declarat liderul deputa\u021bilor USR, Ionu\u021b Mo\u0219teanu.<\/p>\n<p>Curtea de Apel Bucure\u0219ti a respins joi contesta\u021bia depus\u0103 de USR \u00eempotriva deciziei Biroului Electoral Central prin care forma\u021biunii i s-a interzis s\u0103 fac\u0103 campanie \u00een favoarea lui Nicu\u0219or Dan, candidat independent la alegerile preziden\u021biale. Motivul invocat de instan\u021b\u0103 este \u201dlipsa calit\u0103\u021bii de reprezentant\u201d, deoarece cererea a fost depus\u0103 de secretarul general al partidului, nu de pre\u0219edintele forma\u021biunii, respectiv Elena Lasconi.\u00a0<\/p>\n<p><a title=\"Instanta a decis! USR NU ii poate face campanie electorala lui Nicusor Dan\" href=\"https:\/\/www.realitatea.net\/stiri\/actual\/alegeri-prezidentiale-2025-sedinte-cruciala-la-aep-si-cab-magistratii-transeaza-raboiul-dintre-lasconi-rezisti-si-nicusor-dan_680101643b2c040649603f94\">Instan\u021ba a decis! USR NU \u00eei poate face campanie electoral\u0103 lui Nicu\u0219or Dan<\/a><\/p>","protected":false},"excerpt":{"rendered":"<p>\u201dUSR consider\u0103 periculoas\u0103 decizia Cur\u021bii de Apel Bucure\u0219ti prin care o instan\u021b\u0103 cenzureaz\u0103 deciziile forurilor&hellip;<\/p>\n","protected":false},"author":0,"featured_media":47913,"comment_status":"open","ping_status":"open","sticky":false,"template":"","format":"standard","meta":{"footnotes":""},"categories":[2],"tags":[],"class_list":["post-47920","post","type-post","status-publish","format-standard","has-post-thumbnail","hentry","category-actual"],"_links":{"self":[{"href":"https:\/\/247stiri.ro\/index.php\/wp-json\/wp\/v2\/posts\/47920","targetHints":{"allow":["GET"]}}],"collection":[{"href":"https:\/\/247stiri.ro\/index.php\/wp-json\/wp\/v2\/posts"}],"about":[{"href":"https:\/\/247stiri.ro\/index.php\/wp-json\/wp\/v2\/types\/post"}],"replies":[{"embeddable":true,"href":"https:\/\/247stiri.ro\/index.php\/wp-json\/wp\/v2\/comments?post=47920"}],"version-history":[{"count":0,"href":"https:\/\/247stiri.ro\/index.php\/wp-json\/wp\/v2\/posts\/47920\/revisions"}],"wp:featuredmedia":[{"embeddable":true,"href":"https:\/\/247stiri.ro\/index.php\/wp-json\/wp\/v2\/media\/47913"}],"wp:attachment":[{"href":"https:\/\/247stiri.ro\/index.php\/wp-json\/wp\/v2\/media?parent=47920"}],"wp:term":[{"taxonomy":"category","embeddable":true,"href":"https:\/\/247stiri.ro\/index.php\/wp-json\/wp\/v2\/categories?post=47920"},{"taxonomy":"post_tag","embeddable":true,"href":"https:\/\/247stiri.ro\/index.php\/wp-json\/wp\/v2\/tags?post=47920"}],"curies":[{"name":"wp","href":"https:\/\/api.w.org\/{rel}","templated":true}]}}