{"id":47941,"date":"2025-04-17T16:44:59","date_gmt":"2025-04-17T16:44:59","guid":{"rendered":"https:\/\/247stiri.ro\/index.php\/2025\/04\/17\/marco-rubio-mesaj-crucial-pentru-romani-prin-intermediul-ambasadei-sua-la-bucuresti-vizitarea-americii-nu-este-un-drept\/"},"modified":"2025-04-17T16:44:59","modified_gmt":"2025-04-17T16:44:59","slug":"marco-rubio-mesaj-crucial-pentru-romani-prin-intermediul-ambasadei-sua-la-bucuresti-vizitarea-americii-nu-este-un-drept","status":"publish","type":"post","link":"https:\/\/247stiri.ro\/index.php\/2025\/04\/17\/marco-rubio-mesaj-crucial-pentru-romani-prin-intermediul-ambasadei-sua-la-bucuresti-vizitarea-americii-nu-este-un-drept\/","title":{"rendered":"Marco Rubio, mesaj crucial pentru rom\u00e2ni prin intermediul Ambasadei SUA la Bucure\u0219ti: \u201eVizitarea Americii nu este un drept\u201d"},"content":{"rendered":"<p>Reprezentan\u021bii administra\u021biei Trump au postat pe pagina oficial\u0103 de pe platforma x mesajul secretarului de stat pentru politic\u0103 extern\u0103 Marco Rubio care a spune: \u201eVizitarea Americii nu este un drept. Este un privilegiu acordat celor care ne respect\u0103 legile \u0219i valorile.\u201d\u00a0<\/p>\n<p>\u201eVizitarea Americii nu este un drept. Este un privilegiu acordat celor care ne respect\u0103 legile \u0219i valorile.\u201d \u2014 <a href=\"https:\/\/twitter.com\/SecRubio?ref_src=twsrc%5Etfw\">@SecRubio<\/a> <a href=\"https:\/\/twitter.com\/hashtag\/SecuringUSBorders?src=hash&amp;ref_src=twsrc%5Etfw\">#SecuringUSBorders<\/a> <a href=\"https:\/\/t.co\/ZhuGRC6dyh\">pic.twitter.com\/ZhuGRC6dyh<\/a><\/p>\n<p>\u2014 U.S. Embassy Bucharest (@AmbasadaSUA) <a href=\"https:\/\/twitter.com\/AmbasadaSUA\/status\/1912782064090313077?ref_src=twsrc%5Etfw\">April 17, 2025<\/a><\/p>\n<p>Reactia vine dupa ce delega\u021bia format\u0103 din 8 congresman americani a vizitat Rom\u00e2nia, iar pe agenda discu\u021biilor s-a aflat subiectul vizelor. Pe toate canalele, autorit\u0103\u021bile au transmis c\u0103 semnalele de la Washington sunt unele pozitive, care sunt contrazise de mesajul lui Marco Rubio.<\/p>\n<p>Mai mult. Vicepre\u0219edintele SUA J.D Vance a taxat grav liderii europeni la conferin\u021ba de securitate de la Munchen, unde a spus c\u0103 ace\u0219tia nu \u00eemp\u0103rt\u0103\u0219esc acelea\u0219i valori cu poporul american.\u00a0<\/p>\n<p><a title=\"Planul Europei de a renunta la armele americane il pune pe jar pe Trump. Ministrul de Externe, trimis pentru a revitaliza vanzarile\" href=\"https:\/\/www.realitatea.net\/stiri\/actual\/planul-europei-de-a-renunta-la-armele-americane-il-pune-pe-jar-trump-ministrul-de-externe-trimis-pentru-a-revitaliza-vanzarile_67ee739abdc6bc1eae538788\">Planul Europei de a renun\u021ba la armele americane \u00eel pune pe jar pe Trump. Ministrul de Externe, trimis pentru a revitaliza v\u00e2nz\u0103rile<\/a><\/p>","protected":false},"excerpt":{"rendered":"<p>Reprezentan\u021bii administra\u021biei Trump au postat pe pagina oficial\u0103 de pe platforma x mesajul secretarului de&hellip;<\/p>\n","protected":false},"author":0,"featured_media":47934,"comment_status":"open","ping_status":"open","sticky":false,"template":"","format":"standard","meta":{"footnotes":""},"categories":[2],"tags":[],"class_list":["post-47941","post","type-post","status-publish","format-standard","has-post-thumbnail","hentry","category-actual"],"_links":{"self":[{"href":"https:\/\/247stiri.ro\/index.php\/wp-json\/wp\/v2\/posts\/47941","targetHints":{"allow":["GET"]}}],"collection":[{"href":"https:\/\/247stiri.ro\/index.php\/wp-json\/wp\/v2\/posts"}],"about":[{"href":"https:\/\/247stiri.ro\/index.php\/wp-json\/wp\/v2\/types\/post"}],"replies":[{"embeddable":true,"href":"https:\/\/247stiri.ro\/index.php\/wp-json\/wp\/v2\/comments?post=47941"}],"version-history":[{"count":0,"href":"https:\/\/247stiri.ro\/index.php\/wp-json\/wp\/v2\/posts\/47941\/revisions"}],"wp:featuredmedia":[{"embeddable":true,"href":"https:\/\/247stiri.ro\/index.php\/wp-json\/wp\/v2\/media\/47934"}],"wp:attachment":[{"href":"https:\/\/247stiri.ro\/index.php\/wp-json\/wp\/v2\/media?parent=47941"}],"wp:term":[{"taxonomy":"category","embeddable":true,"href":"https:\/\/247stiri.ro\/index.php\/wp-json\/wp\/v2\/categories?post=47941"},{"taxonomy":"post_tag","embeddable":true,"href":"https:\/\/247stiri.ro\/index.php\/wp-json\/wp\/v2\/tags?post=47941"}],"curies":[{"name":"wp","href":"https:\/\/api.w.org\/{rel}","templated":true}]}}