{"id":47952,"date":"2025-04-17T17:44:50","date_gmt":"2025-04-17T17:44:50","guid":{"rendered":"https:\/\/247stiri.ro\/index.php\/2025\/04\/17\/cati-militari-a-trimis-mapn-in-misiunile-internationale-anuntul-oficial-al-ministerului\/"},"modified":"2025-04-17T17:44:50","modified_gmt":"2025-04-17T17:44:50","slug":"cati-militari-a-trimis-mapn-in-misiunile-internationale-anuntul-oficial-al-ministerului","status":"publish","type":"post","link":"https:\/\/247stiri.ro\/index.php\/2025\/04\/17\/cati-militari-a-trimis-mapn-in-misiunile-internationale-anuntul-oficial-al-ministerului\/","title":{"rendered":"C\u00e2\u021bi militari a trimis MApN \u00een misiunile interna\u021bionale. Anun\u021bul oficial al ministerului"},"content":{"rendered":"<p>Conform informa\u021biilor furnizate de Ministerul Ap\u0103r\u0103rii Na\u021bionale, aproximativ 1.500 de militari rom\u00e2ni sunt implica\u021bi, \u00een prezent, \u00een misiuni \u0219i opera\u021biuni sub egida NATO, UE \u0219i ONU.<\/p>\n<p>&#8222;Fiecare militar rom\u00e2n este foarte important pentru asigurarea securit\u0103\u021bii noastre, indiferent unde \u00ee\u0219i desf\u0103\u0219oar\u0103 activitatea &#8211; \u00een misiunile NATO de poli\u021bie aerian\u0103 \u00eent\u0103rit\u0103 din \u021a\u0103rile Baltice, \u00een opera\u021biile NATO \u0219i UE din Balcanii de Vest \u0219i din Africa sau \u00een cadrul grupurilor de lupt\u0103 NATO din Bulgaria, Polonia \u0219i Slovacia. Suntem m\u00e2ndri de realiz\u0103rile dumneavoastr\u0103 \u0219i v\u0103 \u00eendemn s\u0103 pune\u021bi accent, \u00een continuare, pe elementele de conduit\u0103, pentru c\u0103 reprezenta\u021bi cu cinste Rom\u00e2nia. Nu pu\u021bine au fost situa\u021biile \u00een care omologi de-ai mei din NATO \u0219i Uniunea European\u0103 \u0219i-au exprimat aprecierea pentru profesionalismul militarilor rom\u00e2ni, \u00een contextul unor \u00eent\u00e2lniri formale pe care le-am avut cu ace\u0219tia \u0219i am fost bucuros&#8221;, a afirmat ministrul T\u00eelv\u0103r.<\/p>\n<p><a title=\"MApN recruteaza tineri interesati sa devina ofiteri, maistri militari si subofiteri. Ce salarii sunt promise?\" href=\"https:\/\/www.realitatea.net\/stiri\/actual\/mapn-recruteaza-tineri-interesati-sa-devina-ofiteri-maistri-militari-si-subofiteri-ce-salarii-sunt-promise_67e463b368eec053b51cf9e3\">MApN recruteaz\u0103 tineri interesa\u021bi s\u0103 devin\u0103 ofi\u021beri, mai\u0219tri militari \u0219i subofi\u021beri. Ce salarii sunt promise?<\/a><\/p>\n<p>La r\u00e2ndul s\u0103u, generalul Gheorghi\u021b\u0103 Vlad a eviden\u021biat rezultatele bune raportate de comandan\u021bii deta\u0219amentelor care particip\u0103 la misiuni \u00een afara \u021b\u0103rii \u0219i a subliniat necesitatea p\u0103str\u0103rii unui nivel ridicat de vigilen\u021b\u0103 24\/24.\u00a0<\/p>\n<p>&#8222;\u0218tiu c\u0103 pentru mul\u021bi dintre voi aceste s\u0103rb\u0103tori vin \u00eentr-un moment de \u00eenceput de misiune, \u00eentr-un ritm intens de adaptare \u0219i responsabilitate. V\u0103 \u00eencurajez s\u0103 continua\u021bi s\u0103 valorifica\u021bi experien\u021ba celor pe care i-a\u021bi \u00eenlocuit \u0219i s\u0103 p\u0103stra\u021bi acea seriozitate care define\u0219te fiecare misiune a Armatei Rom\u00e2niei. \u00cen acela\u0219i timp, nu uita\u021bi s\u0103 duce\u021bi mai departe, acolo unde sunte\u021bi, o parte din spiritul Pa\u0219telui rom\u00e2nesc, tradi\u021biile noastre pot fi o punte \u00eentre oameni, indiferent de loc sau uniform\u0103. Transmit mul\u021bumiri \u0219i g\u00e2nduri bune \u0219i familiilor voastre, care v\u0103 sunt al\u0103turi necondi\u021bionat \u0219i au un rol esen\u021bial \u00een echilibrul pe care \u00eel ave\u021bi, chiar \u0219i departe de cas\u0103&#8221;, a declarat generalul Vlad.\u00a0\u00a0<\/p>\n<p>Rom\u00e2nia asigur\u0103 conducerea Opera\u021biei Uniunii Europene EUFOR ALTHEA din Bosnia \u0219i Her\u021begovina, unde sunt disloca\u021bi aproximativ 800 de militari, precum \u0219i conducerea Misiunii Uniunii Europene de sprijin pentru autorit\u0103\u021bile din Republica Centrafrican\u0103, \u00een domeniile consilierii strategice \u0219i form\u0103rii for\u021belor de securitate (European Union Training Mission in Central African Republic &#8211; EUTM RCA).<\/p>\n<p><a href=\"https:\/\/www.realitatea.net\/stiri\/actual\/mapn-demonteaza-zvonurile-despre-o-mobilizare-la-arme-pentru-razboiul-din-ucraina-ce-spune-despre-serviciul-militar-obligatoriu_67e6cf7eb44a146a56322e1f\" target=\"_blank\">MApN demonteaz\u0103 zvonurile despre o mobilizare la arme pentru r\u0103zboiul din Ucraina. Ce spune ministerul despre serviciul militar obligatoriu<\/a><\/p>","protected":false},"excerpt":{"rendered":"<p>Conform informa\u021biilor furnizate de Ministerul Ap\u0103r\u0103rii Na\u021bionale, aproximativ 1.500 de militari rom\u00e2ni sunt implica\u021bi, \u00een&hellip;<\/p>\n","protected":false},"author":0,"featured_media":47953,"comment_status":"open","ping_status":"open","sticky":false,"template":"","format":"standard","meta":{"footnotes":""},"categories":[2],"tags":[],"class_list":["post-47952","post","type-post","status-publish","format-standard","has-post-thumbnail","hentry","category-actual"],"_links":{"self":[{"href":"https:\/\/247stiri.ro\/index.php\/wp-json\/wp\/v2\/posts\/47952","targetHints":{"allow":["GET"]}}],"collection":[{"href":"https:\/\/247stiri.ro\/index.php\/wp-json\/wp\/v2\/posts"}],"about":[{"href":"https:\/\/247stiri.ro\/index.php\/wp-json\/wp\/v2\/types\/post"}],"replies":[{"embeddable":true,"href":"https:\/\/247stiri.ro\/index.php\/wp-json\/wp\/v2\/comments?post=47952"}],"version-history":[{"count":0,"href":"https:\/\/247stiri.ro\/index.php\/wp-json\/wp\/v2\/posts\/47952\/revisions"}],"wp:featuredmedia":[{"embeddable":true,"href":"https:\/\/247stiri.ro\/index.php\/wp-json\/wp\/v2\/media\/47953"}],"wp:attachment":[{"href":"https:\/\/247stiri.ro\/index.php\/wp-json\/wp\/v2\/media?parent=47952"}],"wp:term":[{"taxonomy":"category","embeddable":true,"href":"https:\/\/247stiri.ro\/index.php\/wp-json\/wp\/v2\/categories?post=47952"},{"taxonomy":"post_tag","embeddable":true,"href":"https:\/\/247stiri.ro\/index.php\/wp-json\/wp\/v2\/tags?post=47952"}],"curies":[{"name":"wp","href":"https:\/\/api.w.org\/{rel}","templated":true}]}}