{"id":47954,"date":"2025-04-17T17:44:51","date_gmt":"2025-04-17T17:44:51","guid":{"rendered":"https:\/\/247stiri.ro\/index.php\/2025\/04\/17\/sindicatele-sustin-ca-salariul-minim-european-salveaza-20-de-milioane-de-oameni-de-la-saracie-lucie\/"},"modified":"2025-04-17T17:44:51","modified_gmt":"2025-04-17T17:44:51","slug":"sindicatele-sustin-ca-salariul-minim-european-salveaza-20-de-milioane-de-oameni-de-la-saracie-lucie","status":"publish","type":"post","link":"https:\/\/247stiri.ro\/index.php\/2025\/04\/17\/sindicatele-sustin-ca-salariul-minim-european-salveaza-20-de-milioane-de-oameni-de-la-saracie-lucie\/","title":{"rendered":"Sindicatele sus\u021bin c\u0103 salariul minim european salveaz\u0103 20 de milioane de oameni de la s\u0103r\u0103cie lucie"},"content":{"rendered":"<p>&#8216;Directiva privind salariul minim adecvat este o legisla\u021bie deosebit de important\u0103. Aceast\u0103 directiv\u0103 nu este doar un text legislativ &#8211; reprezint\u0103 un colac de salvare pentru milioane de lucr\u0103tori care se lupt\u0103 s\u0103 \u00ee\u0219i acopere nevoile de baz\u0103. Este esen\u021bial\u0103 pentru cre\u0219terea salariilor \u00een \u00eentreaga Uniune, reducerea inegalit\u0103\u021bilor salariale \u0219i combaterea s\u0103r\u0103ciei \u00een munc\u0103. \u00cen plus, majoritatea cov\u00e2r\u0219itoare a lucr\u0103torilor din 19 state membre vor avea parte de o negociere colectiv\u0103 mai puternic\u0103 pentru a ob\u021bine salarii \u0219i condi\u021bii de munc\u0103 mai bune&#8217;, se arat\u0103 \u00eentr-un comunicat al organiza\u021biei sindicale, transmis joi AGERPRES.\u00cen Rom\u00e2nia, Directiva a \u00eenceput deja s\u0103 aib\u0103 efecte pozitive, devenind un instrument esen\u021bial \u00een lupta pentru un trai decent. Mi\u0219carea sindical\u0103 a utilizat-o ca punct de sprijin \u00een dialogul social \u0219i \u00een revendic\u0103rile adresate Guvernului, cer\u00e2nd o majorare semnificativ\u0103 a salariului minim, men\u021bioneaz\u0103 CNS Cartel Alfa. Aceast\u0103 cerere nu este una arbitrar\u0103, ci se bazeaz\u0103 pe criterii obiective \u0219i pe un principiu recunoscut la nivel european: &#8216;pragul de decen\u021b\u0103 dubl\u0103&#8217;. Acest principiu stabile\u0219te c\u0103 salariul minim trebuie s\u0103 reprezinte cel pu\u021bin 50% din salariul mediu brut na\u021bional \u0219i 60% din salariul median brut.Potrivit sursei citate, aplicarea acestor criterii la contextul actual din Rom\u00e2nia arat\u0103 c\u0103 salariul minim ar trebui s\u0103 creasc\u0103 cu aproximativ 35-40% fa\u021b\u0103 de nivelul actual pentru a permite lucr\u0103torilor un trai cu adev\u0103rat decent. Aceasta \u00eenseamn\u0103 mai mult dec\u00e2t acoperirea nevoilor de baz\u0103 &#8211; \u00eenseamn\u0103 acces la servicii de s\u0103n\u0103tate, educa\u021bie \u0219i locuin\u021b\u0103 decent\u0103, sus\u021bin sindicali\u0219tii.&#8217;\u00cen prezent, Rom\u00e2nia se num\u0103r\u0103 printre \u021b\u0103rile din Uniunea European\u0103 cu cei mai mul\u021bi angaja\u021bi care, de\u0219i muncesc cu norm\u0103 \u00eentreag\u0103 \u0219i au contracte legale, nu c\u00e2\u0219tig\u0103 suficient pentru a duce un trai decent, se afl\u0103 sub pragul s\u0103r\u0103ciei. Directiva ofer\u0103 un cadru legal pentru a corecta aceast\u0103 inechitate profund\u0103 \u0219i pentru a sus\u021bine o cre\u0219tere sustenabil\u0103 \u0219i echitabil\u0103 a salariilor. Ea ofer\u0103 sindicatelor o baz\u0103 clar\u0103 de ac\u021biune \u0219i un argument solid \u00een fa\u021ba deciden\u021bilor politici, care nu mai pot ignora nevoia urgent\u0103 de reformare a politicii salariale. Astfel, Directiva nu este doar o ini\u021biativ\u0103 european\u0103 cu impact general &#8211; este un instrument real de schimbare, cu efecte directe asupra vie\u021bii a milioane de lucr\u0103tori rom\u00e2ni&#8217;, atrage aten\u021bia CNS Cartel Alfa.\u00cen opinia reprezentan\u021bilor sindicali, beneficiile economice ale Directivei sunt, de asemenea, semnificative. Prin promovarea unor salarii mai bune, Directiva stimuleaz\u0103 cererea intern\u0103, contribuind la stabilizarea economiei \u00een perioade de instabilitate pe pie\u021bele de export. Acest tip de dezvoltare salarial\u0103 dinamic\u0103 este esen\u021bial pentru men\u021binerea stabilit\u0103\u021bii economice \u0219i promovarea progresului social.&#8217;Tocmai de aceea, opinia recent\u0103 exprimat\u0103 de avocatul general Emiliou \u00een cazul Danemarca vs. Parlamentul European \u0219i Consiliul este profund \u00eengrijor\u0103toare. Dac\u0103 aceast\u0103 opinie va fi urmat\u0103, va anula speran\u021bele at\u00e2tor oameni pentru o via\u021b\u0103 mai bun\u0103 \u0219i ar submina \u00een mod serios sprijinul lucr\u0103torilor pentru proiectul european. Opinia juridic\u0103 alternativ\u0103 prezentat\u0103 de CES (ETUC) explic\u0103 de ce opinia avocatului general este fundamental eronat\u0103, deoarece ignor\u0103 principii bine stabilite \u00een dreptul european, care recunosc valoarea muncii decente, a negocierii colective \u0219i a autonomiei partenerilor sociali&#8217;, au mai transmis reprezentan\u021bii Cartel Alfa.Potrivit sursei citate, Uniunea European\u0103 se bazeaz\u0103 pe democra\u021bie, drepturile omului \u0219i statul de drept &#8211; iar aceasta trebuie s\u0103 fie capabil\u0103 s\u0103 protejeze \u0219i s\u0103 promoveze salarii decente \u0219i negocieri colective. Capitolul privind politica social\u0103 din tratate trebuie \u00een\u021beles ca av\u00e2nd un rol de echilibru \u00een raport cu puterile economice ale UE.&#8217;Chiar Curtea de Justi\u021bie a UE a confirmat c\u0103 Uniunea nu are doar un scop economic, ci \u0219i unul social &#8211; tratatele trebuie interpretate ca un tot unitar. Politicile economice nu pot submina obiectivele sociale ale Uniunii. Ea urm\u0103re\u0219te s\u0103 protejeze \u0219i s\u0103 promoveze salarii decente \u0219i negocieri colective, asigur\u00e2nd astfel un standard de via\u021b\u0103 echitabil pentru lucr\u0103torii din \u00eentreaga Europ\u0103&#8217;, se mai arat\u0103 \u00een comunicat.<\/p>","protected":false},"excerpt":{"rendered":"<p>&#8216;Directiva privind salariul minim adecvat este o legisla\u021bie deosebit de important\u0103. Aceast\u0103 directiv\u0103 nu este&hellip;<\/p>\n","protected":false},"author":0,"featured_media":47955,"comment_status":"open","ping_status":"open","sticky":false,"template":"","format":"standard","meta":{"footnotes":""},"categories":[2],"tags":[],"class_list":["post-47954","post","type-post","status-publish","format-standard","has-post-thumbnail","hentry","category-actual"],"_links":{"self":[{"href":"https:\/\/247stiri.ro\/index.php\/wp-json\/wp\/v2\/posts\/47954","targetHints":{"allow":["GET"]}}],"collection":[{"href":"https:\/\/247stiri.ro\/index.php\/wp-json\/wp\/v2\/posts"}],"about":[{"href":"https:\/\/247stiri.ro\/index.php\/wp-json\/wp\/v2\/types\/post"}],"replies":[{"embeddable":true,"href":"https:\/\/247stiri.ro\/index.php\/wp-json\/wp\/v2\/comments?post=47954"}],"version-history":[{"count":0,"href":"https:\/\/247stiri.ro\/index.php\/wp-json\/wp\/v2\/posts\/47954\/revisions"}],"wp:featuredmedia":[{"embeddable":true,"href":"https:\/\/247stiri.ro\/index.php\/wp-json\/wp\/v2\/media\/47955"}],"wp:attachment":[{"href":"https:\/\/247stiri.ro\/index.php\/wp-json\/wp\/v2\/media?parent=47954"}],"wp:term":[{"taxonomy":"category","embeddable":true,"href":"https:\/\/247stiri.ro\/index.php\/wp-json\/wp\/v2\/categories?post=47954"},{"taxonomy":"post_tag","embeddable":true,"href":"https:\/\/247stiri.ro\/index.php\/wp-json\/wp\/v2\/tags?post=47954"}],"curies":[{"name":"wp","href":"https:\/\/api.w.org\/{rel}","templated":true}]}}