{"id":48,"date":"2024-10-19T12:00:46","date_gmt":"2024-10-19T12:00:46","guid":{"rendered":"https:\/\/247stiri.ro\/index.php\/2024\/10\/19\/contraofensiva-lui-nicolae-ciuca-sudul-tarii-nu-trebuie-sa-ramana-rosu-adica-al-psd\/"},"modified":"2024-10-19T12:00:46","modified_gmt":"2024-10-19T12:00:46","slug":"contraofensiva-lui-nicolae-ciuca-sudul-tarii-nu-trebuie-sa-ramana-rosu-adica-al-psd","status":"publish","type":"post","link":"https:\/\/247stiri.ro\/index.php\/2024\/10\/19\/contraofensiva-lui-nicolae-ciuca-sudul-tarii-nu-trebuie-sa-ramana-rosu-adica-al-psd\/","title":{"rendered":"Contraofensiva lui Nicolae Ciuc\u0103: Sudul \u0163\u0103rii nu trebuie s\u0103 r\u0103m\u00e2n\u0103 ro\u015fu, adic\u0103 al PSD"},"content":{"rendered":"<p>Ciuc\u0103 a men\u0163ionat, printre altele, c\u0103 mandatul ob\u0163inut de Cornel Gogan la alegerile locale din vara acestui an reprezint\u0103 dovada faptului c\u0103 oamenii vor schimbare.&#8221;Am venit pu\u0163in mai devreme \u015fi, \u00eempreun\u0103 cu prim-vicepre\u015fedintele partidului Dan Motreanu, vecinul dumneavoastr\u0103 de aci de la Giurgiu, \u00eempreun\u0103 cu maestrul Dinescu, c\u0103ruia \u00eei mul\u0163umim c\u0103 este al\u0103turi de noi, am trecut prin pia\u0163\u0103. Am vrut \u00eenainte de a ajunge aici s\u0103 vedem care este realitatea, s\u0103 lu\u0103m pulsul pie\u0163ei, al localit\u0103\u0163ii \u015fi v\u0103 spun, domnule primar (&#8230;) c\u0103 ave\u0163i foarte mult de munc\u0103. Este o schimbare pe care oamenii au decis-o atunci c\u00e2nd v-au votat. Eu sunt convins c\u0103 sudul \u0163\u0103rii nu trebuie s\u0103 r\u0103m\u00e2n\u0103 ro\u015fu, adic\u0103 s\u0103 r\u0103m\u00e2n\u0103 al PSD-ului. Am men\u0163ionat c\u0103 suntem cu prim-vicepre\u015fedintele partidului, Dan Motreanu, care a demonstrat \u00een jude\u0163ul vecin, Giurgiu, c\u0103 se poate schimba atitudinea oamenilor, se poate schimba percep\u0163ia oamenilor \u015fi, mai ales, se poate schimba atitudinea autorit\u0103\u0163ilor locale, a celor care vin \u00een fa\u0163a oamenilor s\u0103 le cear\u0103 votul \u015fi care trebuie s\u0103 fac\u0103 ceea ce s-au angajat c\u0103 vor face&#8221;, a declarat Nicolae Ciuc\u0103.Acesta l-a dat ca exemplu pozitiv \u015fi pe primarul PNL din comuna Horodnicu de Sus, jude\u0163ul Suceava, care, asemenea noului primar din Videle, a revenit acas\u0103 dup\u0103 mai mul\u0163i ani de munc\u0103 \u00een str\u0103in\u0103tate pentru a se implica \u00een dezvoltarea comunit\u0103\u0163ii locale.<\/p>\n<p><a title=\"Alerta de ultima ora: Locuinta lui Benjamin Netanyahu a fost tinta unor drone lansate din Liban\" href=\"https:\/\/www.realitatea.net\/stiri\/actual\/alerta-de-ultima-ora-locuinta-lui-benjamin-netanyahu-a-fost-tinta-unor-drone-lansate-din-liban_671377f257817e7a9630c482\">Alert\u0103 de ultima or\u0103: Locuin\u021ba lui Benjamin Netanyahu a fost \u021binta unor drone lansate din Liban<\/a>&#8222;\u00cen aceast\u0103 s\u0103pt\u0103m\u00e2n\u0103 am urcat la Ia\u015fi \u015fi de acolo la Suceava \u015fi la Suceava am vrut s\u0103 mergem \u00eentr-o localitate, \u00eentr-o comun\u0103 la \u0163ar\u0103. \u015ei \u00een comuna Horodnicu de Sus am \u00eent\u00e2lnit un primar care asigur\u0103 func\u0163ionarea Prim\u0103riei cu 8 func\u0163ionari. Deci, o prim\u0103rie la o localitate de 5.600 de oameni asigur\u0103 toate serviciile cu 8 angaja\u0163i dintr-o schem\u0103 de func\u0163ionare de 46 de posturi. Deci se poate. Dincolo de acest num\u0103r mic de angaja\u0163i, este important s\u0103 subliniem ce a f\u0103cut acolo: a reu\u015fit s\u0103 aib\u0103 un parc industrial, ceea ce \u00een jude\u0163ul Teleorman, aici la marginea Capitalei, la marginea jude\u0163ului Ilfov, unde exist\u0103 cel mai important pilon de dezvoltare al Rom\u00e2niei, de dezvoltare economic\u0103, nu exist\u0103. \u00cen Teleorman s-a promis de c\u0103tre toat\u0103 lumea c\u0103 vor fi parcuri industriale, nu s-a f\u0103cut niciunul (&#8230;) Noi nu venim \u00een fa\u0163a dumneavoastr\u0103 cu propuneri cinice, cu interese. Venim c\u0103tre dumneavoastr\u0103 cu devotament \u015fi cu disponibilitate \u015fi angajament la munc\u0103. Primarul din Horodnic, Valentin Lu\u0163\u0103 a lucrat \u00een str\u0103in\u0103tate (&#8230;) \u015fi a zis c\u0103 a sim\u0163it c\u0103 trebuie s\u0103 vin\u0103 acas\u0103 (&#8230;) Este un cre\u015ftin ortodox des\u0103v\u00e2r\u015fit, un truditor al comunit\u0103\u0163ii \u015fi al bisericii \u015fi tat\u0103 a \u015fapte copii. Deci se \u00eengrije\u015fte de o familie rom\u00e2neasc\u0103 adev\u0103rat\u0103, se \u00eengrije\u015fte de o \u00eentreag\u0103 comunitate. Acesta este modelul pe care noi, liberalii, \u00eel propunem \u00een programul nostru: familie, comunitate, \u0163ar\u0103&#8221;, a transmis liderul PNL.\u00a0<\/p>\n<p><a title=\"Dupa doua decenii: Dialog crucial intre Ucraina si Romania pe tema securitatii regionale. Ce s-a discutat la intalnirea dintre Catalin Predoiu si omologul sau ucrainean\" href=\"https:\/\/www.realitatea.net\/stiri\/actual\/dupa-doua-decenii-dialog-crucial-intre-ucraina-si-romania-pe-tema-securitatii-regionale-ce-sa-discutat-la-intalnirea-dintre-catalin-predoiu-si-omologul-sau-ucrainean_67137274811daa5d047f1569\">Dup\u0103 dou\u0103 decenii: Dialog crucial \u00eentre Ucraina \u0219i Rom\u00e2nia pe tema securit\u0103\u021bii regionale. Ce s-a discutat la \u00eent\u00e2lnirea dintre C\u0103t\u0103lin Predoiu \u0219i omologul s\u0103u ucrainean<\/a><\/p>","protected":false},"excerpt":{"rendered":"<p>Ciuc\u0103 a men\u0163ionat, printre altele, c\u0103 mandatul ob\u0163inut de Cornel Gogan la alegerile locale din&hellip;<\/p>\n","protected":false},"author":1,"featured_media":32,"comment_status":"open","ping_status":"open","sticky":false,"template":"","format":"standard","meta":{"footnotes":""},"categories":[3],"tags":[],"class_list":["post-48","post","type-post","status-publish","format-standard","has-post-thumbnail","hentry","category-politica"],"_links":{"self":[{"href":"https:\/\/247stiri.ro\/index.php\/wp-json\/wp\/v2\/posts\/48","targetHints":{"allow":["GET"]}}],"collection":[{"href":"https:\/\/247stiri.ro\/index.php\/wp-json\/wp\/v2\/posts"}],"about":[{"href":"https:\/\/247stiri.ro\/index.php\/wp-json\/wp\/v2\/types\/post"}],"author":[{"embeddable":true,"href":"https:\/\/247stiri.ro\/index.php\/wp-json\/wp\/v2\/users\/1"}],"replies":[{"embeddable":true,"href":"https:\/\/247stiri.ro\/index.php\/wp-json\/wp\/v2\/comments?post=48"}],"version-history":[{"count":0,"href":"https:\/\/247stiri.ro\/index.php\/wp-json\/wp\/v2\/posts\/48\/revisions"}],"wp:featuredmedia":[{"embeddable":true,"href":"https:\/\/247stiri.ro\/index.php\/wp-json\/wp\/v2\/media\/32"}],"wp:attachment":[{"href":"https:\/\/247stiri.ro\/index.php\/wp-json\/wp\/v2\/media?parent=48"}],"wp:term":[{"taxonomy":"category","embeddable":true,"href":"https:\/\/247stiri.ro\/index.php\/wp-json\/wp\/v2\/categories?post=48"},{"taxonomy":"post_tag","embeddable":true,"href":"https:\/\/247stiri.ro\/index.php\/wp-json\/wp\/v2\/tags?post=48"}],"curies":[{"name":"wp","href":"https:\/\/api.w.org\/{rel}","templated":true}]}}