{"id":48036,"date":"2025-04-18T05:44:58","date_gmt":"2025-04-18T05:44:58","guid":{"rendered":"https:\/\/247stiri.ro\/index.php\/2025\/04\/18\/au-aparut-fisuri-si-infiltratii-intr-unul-dintre-barajele-de-pe-valea-jiului-ce-spun-autoritatile-despre-riscuri-sedinta-de-urgenta\/"},"modified":"2025-04-18T05:44:58","modified_gmt":"2025-04-18T05:44:58","slug":"au-aparut-fisuri-si-infiltratii-intr-unul-dintre-barajele-de-pe-valea-jiului-ce-spun-autoritatile-despre-riscuri-sedinta-de-urgenta","status":"publish","type":"post","link":"https:\/\/247stiri.ro\/index.php\/2025\/04\/18\/au-aparut-fisuri-si-infiltratii-intr-unul-dintre-barajele-de-pe-valea-jiului-ce-spun-autoritatile-despre-riscuri-sedinta-de-urgenta\/","title":{"rendered":"Au ap\u0103rut fisuri \u0219i infiltra\u021bii \u00eentr-unul dintre barajele de pe Valea Jiului. Ce spun autorit\u0103\u021bile despre riscuri\u00a0&#8211; \u0219edin\u021b\u0103 de urgen\u021b\u0103"},"content":{"rendered":"<p>Autorit\u0103\u021bile din jude\u021bul Hunedoara au luat m\u0103suri urgente dup\u0103 ce, \u00een urma unor ploi abundente la sf\u00e2r\u0219it de martie, s-a constatat o cre\u0219tere a infiltra\u021biilor de ap\u0103 la Barajul Valea de Pe\u0219ti.\u00a0<\/p>\n<p>Barajul asigur\u0103 alimentarea cu ap\u0103 potabil\u0103 \u0219i industrial\u0103 pentru localit\u0103\u021bile Uricani, Lupeni, Vulcan, Aninoasa \u0219i Petro\u0219ani, adic\u0103 peste 70.000 de oameni.<\/p>\n<p>\u00centr-un comunicat emis de Administra\u021bia Na\u021bional\u0103 \u201eApele Rom\u00e2ne\u201d, se arat\u0103 c\u0103 barajul \u201efunc\u021bioneaz\u0103 \u00een parametri normali \u0219i nu prezint\u0103 niciun pericol pentru popula\u021bie sau infrastructur\u0103\u201d. Totu\u0219i, \u00een urma controalelor, autorit\u0103\u021bile au decis s\u0103 ia m\u0103suri de precau\u021bie.<\/p>\n<p>Prefectul jude\u021bului Hunedoara, Constantin Fulga, a declarat c\u0103 nu exist\u0103 motive de \u00eengrijorare privind siguran\u021ba barajului. \u201eBarajul este \u0219i func\u021bioneaz\u0103 \u00een siguran\u021b\u0103. Au ap\u0103rut ni\u0219te fisuri, dar \u00een anvelop\u0103, nu \u00een baraj\u201d, a spus acesta.<\/p>\n<p>Anvelopa asfaltic\u0103 este stratul care izoleaz\u0103 barajul \u0219i \u00eel protejeaz\u0103 \u00eempotriva infiltra\u021biilor. Acesta a fost afectat de alternan\u021ba secet\u0103-ploi, potrivit prefectului.<\/p>\n<p>\u201eAnul trecut, din cauza secetei, nivelul barajului a sc\u0103zut foarte mult. Aceste fisuri, din cauza c\u0103ldurii, s-au dilatat. Dup\u0103 care, av\u00e2nd perioada de prim\u0103var\u0103 \u00een care ploile au fost abundente, nivelul barajului a crescut urgent cu aproape 8 metri. Acest lucru a f\u0103cut ca infiltrarea de ap\u0103 s\u0103 fie mai mare dec\u00e2t cea necesar\u0103 \u0219i s-a inundat o cl\u0103dire unde erau vanele care deserveau barajul\u201d, a mai spus Constantin Fulga.<\/p>\n<p>Pentru a reduce presiunea asupra barajului, nivelul apei a fost sc\u0103zut cu aproximativ 3 metri. Totodat\u0103, autorit\u0103\u021bile au decis \u00eenlocuirea anvelopei asfaltice cu o masc\u0103 din geocompozit din PVC, un material modern, mai rezistent. \u201eAceast\u0103 masc\u0103 asfaltic\u0103 trebuie \u00eenlocuit\u0103 \u0219i trebuie f\u0103cute lucr\u0103ri de repara\u021bii. Trebuie luate m\u0103suri de urgen\u021b\u0103 pentru ca aceste fisuri \u00een aceast\u0103 masc\u0103 s\u0103 nu creasc\u0103. De la 5-6 mm au ajuns la 60 \u0219i 70 mm\u201d, a mai declarat Fulga.<\/p>\n<p>Comitetul Jude\u021bean pentru Situa\u021bii de Urgen\u021b\u0103 s-a reunit \u00eentr-o \u0219edin\u021b\u0103 extraordinar\u0103 pentru a analiza riscurile \u0219i a preg\u0103ti scenarii de interven\u021bie. Barajul este monitorizat 24 din 24 de speciali\u0219ti de la Sistemul Hidrotehnic Petro\u0219ani \u0219i de la Inspectoratul pentru Situa\u021bii de Urgen\u021b\u0103.<\/p>\n<p>Se va urm\u0103ri cu prioritate \u00eemb\u0103tr\u00e2nirea materialelor din structura veche \u0219i se vor face repara\u021bii \u0219i la vana plan\u0103 sertar, o component\u0103-cheie a sistemului de distribu\u021bie a apei, care impune temporar golirea lacului.<\/p>\n<p>\u00a0<\/p>","protected":false},"excerpt":{"rendered":"<p>Autorit\u0103\u021bile din jude\u021bul Hunedoara au luat m\u0103suri urgente dup\u0103 ce, \u00een urma unor ploi abundente&hellip;<\/p>\n","protected":false},"author":0,"featured_media":48032,"comment_status":"open","ping_status":"open","sticky":false,"template":"","format":"standard","meta":{"footnotes":""},"categories":[2],"tags":[],"class_list":["post-48036","post","type-post","status-publish","format-standard","has-post-thumbnail","hentry","category-actual"],"_links":{"self":[{"href":"https:\/\/247stiri.ro\/index.php\/wp-json\/wp\/v2\/posts\/48036","targetHints":{"allow":["GET"]}}],"collection":[{"href":"https:\/\/247stiri.ro\/index.php\/wp-json\/wp\/v2\/posts"}],"about":[{"href":"https:\/\/247stiri.ro\/index.php\/wp-json\/wp\/v2\/types\/post"}],"replies":[{"embeddable":true,"href":"https:\/\/247stiri.ro\/index.php\/wp-json\/wp\/v2\/comments?post=48036"}],"version-history":[{"count":0,"href":"https:\/\/247stiri.ro\/index.php\/wp-json\/wp\/v2\/posts\/48036\/revisions"}],"wp:featuredmedia":[{"embeddable":true,"href":"https:\/\/247stiri.ro\/index.php\/wp-json\/wp\/v2\/media\/48032"}],"wp:attachment":[{"href":"https:\/\/247stiri.ro\/index.php\/wp-json\/wp\/v2\/media?parent=48036"}],"wp:term":[{"taxonomy":"category","embeddable":true,"href":"https:\/\/247stiri.ro\/index.php\/wp-json\/wp\/v2\/categories?post=48036"},{"taxonomy":"post_tag","embeddable":true,"href":"https:\/\/247stiri.ro\/index.php\/wp-json\/wp\/v2\/tags?post=48036"}],"curies":[{"name":"wp","href":"https:\/\/api.w.org\/{rel}","templated":true}]}}