{"id":48080,"date":"2025-04-18T08:44:55","date_gmt":"2025-04-18T08:44:55","guid":{"rendered":"https:\/\/247stiri.ro\/index.php\/2025\/04\/18\/durerea-unui-copil-moldovean-proba-intr-un-proces-de-violenta-domestica-l-am-vazut-pe-tata-lovind-o-pe-mama-cum-a-descris-baiatul-situatia-de-acasa-intr-o-compunere-la-scoala\/"},"modified":"2025-04-18T08:44:55","modified_gmt":"2025-04-18T08:44:55","slug":"durerea-unui-copil-moldovean-proba-intr-un-proces-de-violenta-domestica-l-am-vazut-pe-tata-lovind-o-pe-mama-cum-a-descris-baiatul-situatia-de-acasa-intr-o-compunere-la-scoala","status":"publish","type":"post","link":"https:\/\/247stiri.ro\/index.php\/2025\/04\/18\/durerea-unui-copil-moldovean-proba-intr-un-proces-de-violenta-domestica-l-am-vazut-pe-tata-lovind-o-pe-mama-cum-a-descris-baiatul-situatia-de-acasa-intr-o-compunere-la-scoala\/","title":{"rendered":"Durerea unui copil moldovean, prob\u0103 \u00eentr-un proces de violen\u021b\u0103 domestic\u0103: \u201eL-am v\u0103zut pe tata lovind-o pe mama\u201d. Cum a descris b\u0103iatul situa\u021bia de acas\u0103 \u00eentr-o compunere la \u0219coal\u0103"},"content":{"rendered":"<p>Compunerea care a devenit prob\u0103<\/p>\n<p>\u00cen timpul orelor de curs, copilul a scris o scrisoare adresat\u0103 \u00eenv\u0103\u021b\u0103toarei, \u00een care a relatat cu sinceritate \u0219i durere: \u201eL-am v\u0103zut pe tata lovind-o cu capul pe mama.\u201d M\u0103rturia scris\u0103 a fost ulterior fotografiat\u0103 de bunica matern\u0103 \u0219i predat\u0103 autorit\u0103\u021bilor italiene, fiind depus\u0103 ca prob\u0103 la dosarul de urm\u0103rire penal\u0103 \u00eempotriva tat\u0103lui copilului.<\/p>\n<p>B\u0103rbatul, \u00een v\u00e2rst\u0103 de 38 de ani \u0219i cet\u0103\u021bean moldovean, este judecat pentru rele tratamente aplicate familiei \u0219i <a href=\"https:\/\/www.realitatea.net\/stiri\/actual\/un-tanar-de-22-de-sia-pierdut-mintile-la-bautura-acesta-sia-batut-mama-atat-de-tare-incat-femeia-a-ajuns-in-spital_67e7ec304b8e2c5ed86ce0e2\" target=\"_blank\">acte de violen\u021b\u0103<\/a> fizic\u0103 grav\u0103 \u00eempotriva fostei sale so\u021bii, o femeie de 28 de ani, \u0219i ea tot din Republica Moldova.<\/p>\n<p>\u0218ase ani de abuzuri, alimentate de alcool<\/p>\n<p>Potrivit anchetatorilor, comportamentul agresiv al b\u0103rbatului ar fi debutat \u00een anul 2017, pe fondul unui consum excesiv de alcool. Femeia a declarat \u00een instan\u021b\u0103 c\u0103 \u00een to\u021bi ace\u0219ti ani a fost frecvent insultat\u0103 \u0219i umilit\u0103, acuzat\u0103 c\u0103 nu contribuie financiar la gospod\u0103rie.<\/p>\n<p>Unul dintre cele mai grave episoade a avut loc chiar \u00een noiembrie 2023, c\u00e2nd b\u0103rbatul ar fi lovit-o pe femeie cu capul \u00een zona frun\u021bii. Leziunile suferite au necesitat \u00eengrijiri medicale, medicii eliber\u00e2nd un certificat care atest\u0103 o perioad\u0103 de recuperare de cel pu\u021bin 7 zile.<\/p>\n<p>\u00cen fa\u021ba judec\u0103torilor de la Tribunalul din Ancona, b\u0103rbatul a negat toate acuza\u021biile. Totu\u0219i, comportamentul s\u0103u instabil a fost eviden\u021biat inclusiv \u00een ianuarie 2024, c\u00e2nd, \u00een timp ce a\u0219tepta s\u0103 fie audiat \u00eentr-un alt dosar legat de divor\u021b, a \u00eenceput s\u0103 strige \u00een gura mare: \u201eSunt r\u0103zboinicul lui Dumnezeu\u201d, f\u0103c\u00e2ndu-\u0219i semnul crucii repetat \u0219i manifest\u00e2nd o agita\u021bie extrem\u0103.<\/p>\n<p>Carabinierii au fost nevoi\u021bi s\u0103 intervin\u0103 \u0219i s\u0103-l transporte la sec\u021bia de psihiatrie a spitalului local. Pe drum, b\u0103rbatul a \u00eencercat s\u0103 smulg\u0103 un dispozitiv cu electro\u0219ocuri din dotarea unui agent, ad\u0103ug\u00e2nd un nou incident la comportamentul s\u0103u deja \u00eengrijor\u0103tor.<\/p>\n<p>Trauma copilului \u2013 oglinda unei realit\u0103\u021bi dureroase<\/p>\n<p>Povestea b\u0103iatului moldovean aduce \u00een prim-plan un fenomen care afecteaz\u0103 mii de copii \u2013 <a href=\"https:\/\/www.realitatea.net\/stiri\/actual\/dragoste-cu-nabadai-in-iasi-o-profesoara-a-batuto-crunt-pe-amanta-sotului-apoi-a-mers-acasa-sa-se-impace-cu-el_678aac5d78baef48dc5cd909\" target=\"_blank\">expunerea la violen\u021b\u0103 domestic\u0103.<\/a> Curajul s\u0103u de a vorbi deschis despre ce se \u00eent\u00e2mpl\u0103 acas\u0103 a permis autorit\u0103\u021bilor s\u0103 intervin\u0103 \u0219i s\u0103 scoat\u0103 la lumin\u0103 ani \u00eentregi de suferin\u021b\u0103 t\u0103cut\u0103.<\/p>\n<p>Procesul continu\u0103 la Tribunalul din Ancona, iar scrisoarea copilului r\u0103m\u00e2ne una dintre cele mai puternice m\u0103rturii din dosar.<\/p>","protected":false},"excerpt":{"rendered":"<p>Compunerea care a devenit prob\u0103 \u00cen timpul orelor de curs, copilul a scris o scrisoare&hellip;<\/p>\n","protected":false},"author":0,"featured_media":48081,"comment_status":"open","ping_status":"open","sticky":false,"template":"","format":"standard","meta":{"footnotes":""},"categories":[2],"tags":[],"class_list":["post-48080","post","type-post","status-publish","format-standard","has-post-thumbnail","hentry","category-actual"],"_links":{"self":[{"href":"https:\/\/247stiri.ro\/index.php\/wp-json\/wp\/v2\/posts\/48080","targetHints":{"allow":["GET"]}}],"collection":[{"href":"https:\/\/247stiri.ro\/index.php\/wp-json\/wp\/v2\/posts"}],"about":[{"href":"https:\/\/247stiri.ro\/index.php\/wp-json\/wp\/v2\/types\/post"}],"replies":[{"embeddable":true,"href":"https:\/\/247stiri.ro\/index.php\/wp-json\/wp\/v2\/comments?post=48080"}],"version-history":[{"count":0,"href":"https:\/\/247stiri.ro\/index.php\/wp-json\/wp\/v2\/posts\/48080\/revisions"}],"wp:featuredmedia":[{"embeddable":true,"href":"https:\/\/247stiri.ro\/index.php\/wp-json\/wp\/v2\/media\/48081"}],"wp:attachment":[{"href":"https:\/\/247stiri.ro\/index.php\/wp-json\/wp\/v2\/media?parent=48080"}],"wp:term":[{"taxonomy":"category","embeddable":true,"href":"https:\/\/247stiri.ro\/index.php\/wp-json\/wp\/v2\/categories?post=48080"},{"taxonomy":"post_tag","embeddable":true,"href":"https:\/\/247stiri.ro\/index.php\/wp-json\/wp\/v2\/tags?post=48080"}],"curies":[{"name":"wp","href":"https:\/\/api.w.org\/{rel}","templated":true}]}}