{"id":48130,"date":"2025-04-18T12:44:49","date_gmt":"2025-04-18T12:44:49","guid":{"rendered":"https:\/\/247stiri.ro\/index.php\/2025\/04\/18\/vacanta-transformata-in-cosmar-o-romanca-acuza-ca-a-fost-agresata-si-evacuata-dintr-un-hotel-din-turcia-dupa-ce-a-cerut-o-alta-camera\/"},"modified":"2025-04-18T12:44:49","modified_gmt":"2025-04-18T12:44:49","slug":"vacanta-transformata-in-cosmar-o-romanca-acuza-ca-a-fost-agresata-si-evacuata-dintr-un-hotel-din-turcia-dupa-ce-a-cerut-o-alta-camera","status":"publish","type":"post","link":"https:\/\/247stiri.ro\/index.php\/2025\/04\/18\/vacanta-transformata-in-cosmar-o-romanca-acuza-ca-a-fost-agresata-si-evacuata-dintr-un-hotel-din-turcia-dupa-ce-a-cerut-o-alta-camera\/","title":{"rendered":"Vacan\u021b\u0103 transformat\u0103 \u00een co\u0219mar: o rom\u00e2nc\u0103 acuz\u0103 c\u0103 a fost agresat\u0103 \u0219i evacuat\u0103 dintr-un hotel din Turcia dup\u0103 ce a cerut o alt\u0103 camer\u0103"},"content":{"rendered":"<p>Aceasta acuz\u0103 c\u0103 a fost agresat\u0103 fizic \u0219i dat\u0103 afar\u0103 din hotel, dup\u0103 ce a cerut o camer\u0103 diferit\u0103 de cea primit\u0103 ini\u021bial. Agen\u021bia de turism prin care a fost rezervat sejurul respinge \u00eens\u0103 acuza\u021biile \u0219i afirm\u0103 c\u0103 turista ar urm\u0103ri s\u0103 ob\u021bin\u0103 compensa\u021bii financiare prin presiuni \u0219i denigrare public\u0103.<\/p>\n<p>Vacan\u021b\u0103 de lux, final nea\u0219teptat<\/p>\n<p>Potrivit declara\u021biilor f\u0103cute de femeie, sejurul de \u0219apte zile \u00een ora\u0219ul Side, achizi\u021bionat \u00een regim all-inclusive, ar fi trebuit s\u0103 fie o vacan\u021b\u0103 relaxant\u0103 al\u0103turi de partenerul ei. \u00cens\u0103, nemul\u021bumit\u0103 de condi\u021biile din camera primit\u0103, ea a cerut o relocare.<\/p>\n<p><a href=\"https:\/\/www.realitatea.net\/stiri\/actual\/vacanta-de-cosmar-pentru-o-romanca-a-fost-batuta-si-umilita-de-personalul-unui-hotel-din-turcia_6800f3e4836b8e69775df122\" target=\"_blank\">Aceast\u0103 solicitare<\/a>, spune ea, a declan\u0219at un conflict violent cu personalul hotelului. Rom\u00e2nca afirm\u0103 c\u0103 a fost agresat\u0103 fizic, t\u00e2r\u00e2t\u0103 prin recep\u021bie \u0219i, \u00een cele din urm\u0103, dat\u0103 afar\u0103 din hotel. Sus\u021bine, de asemenea, c\u0103 a fost amenin\u021bat\u0103 \u0219i tratat\u0103 cu brutalitate f\u0103r\u0103 nicio justificare real\u0103.<\/p>\n<p>Replica agen\u021biei de turism: \u201eServiciile au fost respectate integral\u201d<\/p>\n<p>\u00cen replic\u0103, agen\u021bia de turism prin care a fost rezervat pachetul respinge categoric acuza\u021biile. Reprezentan\u021bii s\u0103i sus\u021bin c\u0103 femeia a beneficiat de toate serviciile incluse \u00een contract \u0219i c\u0103 responsabilitatea pentru eventualele conflicte cu personalul hotelului nu le apar\u021bine.<\/p>\n<p>\u00a0 \u00a0 \u201eClienta amenin\u021b\u0103 cu pl\u00e2ngeri de aproximativ \u0219ase luni, dar nu a depus nimic oficial p\u00e2n\u0103 \u00een prezent. \u00cen schimb, posteaz\u0103 recenzii negative \u0219i face presiuni publice, cu scopul clar de a ob\u021bine o rambursare\u201d, au declarat surse din cadrul agen\u021biei.<\/p>\n<p>Mai mult, avocatul companiei a anun\u021bat c\u0103 preg\u0103te\u0219te o ac\u021biune legal\u0103 \u00eempotriva femeii, acuz\u00e2nd-o de \u0219antaj \u0219i def\u0103imare. Pl\u00e2ngerea urmeaz\u0103 s\u0103 fie depus\u0103 \u00een perioada urm\u0103toare la autorit\u0103\u021bi.<\/p>\n<p><a href=\"https:\/\/www.realitatea.net\/stiri\/actual\/vesti-bune-pentru-romanii-cu-vouchere-de-vacanta-guvernul-a-dat-unda-verde-entru-mecanismul-de-acordare-al-acestora_67ff9bb136eac348bb34e906\" target=\"_blank\">P\u00e2n\u0103 la clarificarea situa\u021biei<\/a> \u00een instan\u021b\u0103 sau pe cale administrativ\u0103, r\u0103m\u00e2ne un semnal de alarm\u0103 pentru turi\u0219ti: documentarea atent\u0103, comunicarea clar\u0103 \u0219i p\u0103strarea dovezilor pot fi esen\u021biale \u00een cazul apari\u021biei unor conflicte \u00een timpul vacan\u021belor.<\/p>","protected":false},"excerpt":{"rendered":"<p>Aceasta acuz\u0103 c\u0103 a fost agresat\u0103 fizic \u0219i dat\u0103 afar\u0103 din hotel, dup\u0103 ce a&hellip;<\/p>\n","protected":false},"author":0,"featured_media":48131,"comment_status":"open","ping_status":"open","sticky":false,"template":"","format":"standard","meta":{"footnotes":""},"categories":[2],"tags":[],"class_list":["post-48130","post","type-post","status-publish","format-standard","has-post-thumbnail","hentry","category-actual"],"_links":{"self":[{"href":"https:\/\/247stiri.ro\/index.php\/wp-json\/wp\/v2\/posts\/48130","targetHints":{"allow":["GET"]}}],"collection":[{"href":"https:\/\/247stiri.ro\/index.php\/wp-json\/wp\/v2\/posts"}],"about":[{"href":"https:\/\/247stiri.ro\/index.php\/wp-json\/wp\/v2\/types\/post"}],"replies":[{"embeddable":true,"href":"https:\/\/247stiri.ro\/index.php\/wp-json\/wp\/v2\/comments?post=48130"}],"version-history":[{"count":0,"href":"https:\/\/247stiri.ro\/index.php\/wp-json\/wp\/v2\/posts\/48130\/revisions"}],"wp:featuredmedia":[{"embeddable":true,"href":"https:\/\/247stiri.ro\/index.php\/wp-json\/wp\/v2\/media\/48131"}],"wp:attachment":[{"href":"https:\/\/247stiri.ro\/index.php\/wp-json\/wp\/v2\/media?parent=48130"}],"wp:term":[{"taxonomy":"category","embeddable":true,"href":"https:\/\/247stiri.ro\/index.php\/wp-json\/wp\/v2\/categories?post=48130"},{"taxonomy":"post_tag","embeddable":true,"href":"https:\/\/247stiri.ro\/index.php\/wp-json\/wp\/v2\/tags?post=48130"}],"curies":[{"name":"wp","href":"https:\/\/api.w.org\/{rel}","templated":true}]}}