{"id":48137,"date":"2025-04-18T13:44:50","date_gmt":"2025-04-18T13:44:50","guid":{"rendered":"https:\/\/247stiri.ro\/index.php\/2025\/04\/18\/jd-vance-s-a-intalnit-cu-giorgia-meloni-pentru-a-doua-oara-in-24-de-ore-vicele-american-isi-face-pastele-la-roma\/"},"modified":"2025-04-18T13:44:50","modified_gmt":"2025-04-18T13:44:50","slug":"jd-vance-s-a-intalnit-cu-giorgia-meloni-pentru-a-doua-oara-in-24-de-ore-vicele-american-isi-face-pastele-la-roma","status":"publish","type":"post","link":"https:\/\/247stiri.ro\/index.php\/2025\/04\/18\/jd-vance-s-a-intalnit-cu-giorgia-meloni-pentru-a-doua-oara-in-24-de-ore-vicele-american-isi-face-pastele-la-roma\/","title":{"rendered":"JD Vance s-a \u00eent\u00e2lnit cu Giorgia Meloni pentru a doua oar\u0103 \u00een 24 de ore. Vicele american \u00ee\u0219i face Pa\u0219tele la Roma"},"content":{"rendered":"<p>Premierul Italiei, Giorgia Meloni, s-a \u00eent\u00e2lnit vineri la Roma cu vicepre\u0219edintele Statelor Unite, JD Vance, pe care l-a primit glumind \u00een biroul s\u0103u din Palazzo Chigi, la o zi dup\u0103 \u00eent\u00e2lnirea cu pre\u0219edintele american, Donald Trump, la Casa Alb\u0103, la care a fost prezent \u0219i acesta, relateaz\u0103 ANSA.<\/p>\n<p>\u201dSunt onorat\u0103 s\u0103 \u00eei urez bun venit la Palazzo Chigi vicepre\u0219edintelui Statelor Unite, JD Vance, pe care nu l-am mai v\u0103zut de mult timp\u201d, a glumit Meloni. \u201dAm avut o \u00eent\u00e2lnire fantastic\u0103 ieri la Washington\u201d, a spus ea.\u00cen timpul discu\u021biilor de joi, Trump a l\u0103udat-o pe Meloni, care \u00eencearc\u0103 s\u0103 ac\u021bioneze ca o punte de leg\u0103tur\u0103 \u00eentre SUA \u0219i UE, \u0219i ambii lideri \u0219i-au exprimat optimismul c\u0103 se poate ajunge la un acord cu privire la tarifele impuse de Washington.<\/p>\n<p><a title=\"Prietenia lui Donald Trump cu Giorgia Meloni nu se traduce si in reducerea tarifelor SUA pentru Italia\" href=\"https:\/\/www.realitatea.net\/stiri\/actual\/prietenia-lui-donald-trump-cu-giorgia-meloni-nu-se-traduce-si-in-reducerea-tarifelor-sua-pentru-italia_680163d67cba2e06632c6278\">Prietenia lui Donald Trump cu Giorgia Meloni nu se traduce \u0219i \u00een reducerea tarifelor SUA pentru Italia<\/a>Vance a declarat c\u0103 discu\u021biile de vineri se vor concentra pe rela\u021biile dintre cele dou\u0103 \u021b\u0103ri, precum \u0219i pe negocierile comerciale, nu numai \u00eentre Italia \u0219i SUA, ci \u0219i cu UE. Avem unele probleme de rezolvat, a continuat Vance. \u00cel voi informa pe premier cu privire la negocierile dintre Rusia \u0219i Ucraina, am vorbit deja despre asta \u00een trecut. Avem un sentiment de pozitivitate \u0219i optimism, a spus el.<\/p>\n<p>Dup\u0103 \u00eent\u00e2lnirea bilateral\u0103 dintre Meloni \u0219i Vance, vicepre\u0219edintele american urmeaz\u0103 s\u0103 aib\u0103 un pr\u00e2nz de lucru prelungit la care vor participa \u0219i cei doi vicepremieri ai lui Meloni, ministrul de externe Antonio Tajani \u0219i ministrul transporturilor Matteo Salvini, scrie Agerpres.Cu c\u00e2teva ore mai devreme, secretarul de stat al SUA, Marco Rubio, declarase c\u0103 pre\u0219edintele american va renun\u021ba \u00een c\u00e2teva zile la \u00eencercarea de a intermedia un acord de pace \u00eentre Rusia \u0219i Ucraina, cu excep\u021bia cazului \u00een care exist\u0103 semne clare c\u0103 un acord poate fi \u00eencheiat.\u00cen timpul vizitei sale la Roma din aceste zile, printre alte \u00eent\u00e2lniri de pe agenda sa, Vance &#8211; un catolic &#8211; este de a\u0219teptat s\u0103 ia parte la ceremoniile din S\u0103pt\u0103m\u00e2na Sf\u00e2nt\u0103, \u00eempreun\u0103 cu familia sa, \u0219i s\u0103 se \u00eent\u00e2lneasc\u0103 cu secretarul de stat al Vaticanului, Pietro Parolin, potrivit EFE.<\/p>\n<p><a title='Donald Trump anunta ca acordul pe minerale cu Ucraina va fi semnat ,,cred ... joia viitoare\"' href=\"https:\/\/www.realitatea.net\/stiri\/actual\/donald-trump-anunta-ca-acordul-pe-minerale-cu-ucraina-va-fi-semnat-cred-joia-viitoare_68016154f12ab946a2344e32\">Donald Trump anun\u021b\u0103 c\u0103 acordul pe minerale cu Ucraina va fi semnat \u201ecred &#8230; joia viitoare\u201d<\/a><\/p>","protected":false},"excerpt":{"rendered":"<p>Premierul Italiei, Giorgia Meloni, s-a \u00eent\u00e2lnit vineri la Roma cu vicepre\u0219edintele Statelor Unite, JD Vance,&hellip;<\/p>\n","protected":false},"author":0,"featured_media":48136,"comment_status":"open","ping_status":"open","sticky":false,"template":"","format":"standard","meta":{"footnotes":""},"categories":[2],"tags":[],"class_list":["post-48137","post","type-post","status-publish","format-standard","has-post-thumbnail","hentry","category-actual"],"_links":{"self":[{"href":"https:\/\/247stiri.ro\/index.php\/wp-json\/wp\/v2\/posts\/48137","targetHints":{"allow":["GET"]}}],"collection":[{"href":"https:\/\/247stiri.ro\/index.php\/wp-json\/wp\/v2\/posts"}],"about":[{"href":"https:\/\/247stiri.ro\/index.php\/wp-json\/wp\/v2\/types\/post"}],"replies":[{"embeddable":true,"href":"https:\/\/247stiri.ro\/index.php\/wp-json\/wp\/v2\/comments?post=48137"}],"version-history":[{"count":0,"href":"https:\/\/247stiri.ro\/index.php\/wp-json\/wp\/v2\/posts\/48137\/revisions"}],"wp:featuredmedia":[{"embeddable":true,"href":"https:\/\/247stiri.ro\/index.php\/wp-json\/wp\/v2\/media\/48136"}],"wp:attachment":[{"href":"https:\/\/247stiri.ro\/index.php\/wp-json\/wp\/v2\/media?parent=48137"}],"wp:term":[{"taxonomy":"category","embeddable":true,"href":"https:\/\/247stiri.ro\/index.php\/wp-json\/wp\/v2\/categories?post=48137"},{"taxonomy":"post_tag","embeddable":true,"href":"https:\/\/247stiri.ro\/index.php\/wp-json\/wp\/v2\/tags?post=48137"}],"curies":[{"name":"wp","href":"https:\/\/api.w.org\/{rel}","templated":true}]}}