{"id":48140,"date":"2025-04-18T13:44:51","date_gmt":"2025-04-18T13:44:51","guid":{"rendered":"https:\/\/247stiri.ro\/index.php\/2025\/04\/18\/fratele-geaman-al-lui-rares-ion-tanarul-mort-din-cauza-unei-supradoze-lanseaza-acuzatii-dure-dupa-moartea-acestuia-a-fost-trimis-acasa-pe-jumatate-mort\/"},"modified":"2025-04-18T13:44:51","modified_gmt":"2025-04-18T13:44:51","slug":"fratele-geaman-al-lui-rares-ion-tanarul-mort-din-cauza-unei-supradoze-lanseaza-acuzatii-dure-dupa-moartea-acestuia-a-fost-trimis-acasa-pe-jumatate-mort","status":"publish","type":"post","link":"https:\/\/247stiri.ro\/index.php\/2025\/04\/18\/fratele-geaman-al-lui-rares-ion-tanarul-mort-din-cauza-unei-supradoze-lanseaza-acuzatii-dure-dupa-moartea-acestuia-a-fost-trimis-acasa-pe-jumatate-mort\/","title":{"rendered":"Fratele geam\u0103n al lui Rare\u0219 Ion, t\u00e2n\u0103rul mort din cauza unei supradoze, lanseaz\u0103 acuza\u021bii dure dup\u0103 moartea acestuia: \u201eA fost trimis acas\u0103 pe jum\u0103tate mort\u201d"},"content":{"rendered":"<p>\u00cen urma tragediei, fratele s\u0103u a lansat acuza\u021bii grave la adresa unit\u0103\u021bii medicale care l-a tratat, sus\u021bin\u00e2nd c\u0103 interven\u021bia ar fi putut face diferen\u021ba \u00eentre via\u021b\u0103 \u0219i moarte.<\/p>\n<p>\u201eL-au trimis pe jum\u0103tate mort acas\u0103\u201d \u2013 reac\u021bia fratelui geam\u0103n<\/p>\n<p>La scurt timp dup\u0103 deces, fratele lui Rare\u0219 a publicat un mesaj dur pe re\u021belele de socializare, acuz\u00e2nd cadrele medicale c\u0103 nu au tratat cu seriozitate starea grav\u0103 \u00een care se afla Rare\u0219 \u00een momentul intern\u0103rii.\u00a0<\/p>\n<p><a href=\"https:\/\/www.realitatea.net\/stiri\/ultimele-stiri\/reportaj-socant-cu-camera-ascunsa-in-scoliile-din-bucuresti-adolescenti-de-14-ani-ajung-nu-doar-consumatori-ci-si-distribuitori-video_680240ab92a18a58b50d7d28\" target=\"_blank\">Potrivit acestuia<\/a>, t\u00e2n\u0103rul nu era coerent \u0219i prezenta simptome clare de intoxica\u021bie, dar ar fi fost \u021binut \u00een zona de urgen\u021be \u0219i ulterior externat, \u00een loc s\u0103 fie transferat \u00eentr-o sec\u021bie specializat\u0103 pentru intoxica\u021bii.<\/p>\n<p>\u201eL-au trimis acas\u0103 pe jum\u0103tate mort pe fratele meu acas\u0103 de la spital. Omul nu era coerent, intoxicat, \u0219i l-au \u021binut la urgen\u021be \u00een loc s\u0103 \u00eel urce la intoxica\u021bi\u201d, a scris fratele \u00eendoliat.<\/p>\n\n<p>\u00a0 \u00a0 \u00a0 \u00a0 \u00a0 \u00a0 \u00a0 \u00a0 \u00a0 \u00a0 \u00a0 \u00a0 \u00a0 \u00a0 \u00a0 \u00a0 \u00a0 \u00a0 Mesajul postat de fratele geam\u0103n al t\u00e2n\u0103rului mort \/ Sursa foto &#8211; Instagram<\/p>\n<p>Raportul medico-legal confirm\u0103 prezen\u021ba a \u0219ase substan\u021be periculoase<\/p>\n<p>Potrivit datelor f\u0103cute publice de DIICOT \u0219i citate de site-uri de \u0219tiri, analiza toxicologic\u0103 efectuat\u0103 de Institutul Na\u021bional de Medicin\u0103 Legal\u0103 a identificat \u00een organismul lui Rare\u0219 un amestec periculos de substan\u021be interzise \u0219i sedative. \u00cen corpul t\u00e2n\u0103rului au fost descoperite: benzodiazepine, metadon\u0103, tramadol, canabinoizi, 6-MAM (metabolit de heroin\u0103) \u0219i alfa-PVP, o substan\u021b\u0103 psihoactiv\u0103 sintetic\u0103 cunoscut\u0103 pentru efectele sale extreme.<\/p>\n<p>Rare\u0219 Ion nu \u0219i-a ascuns niciodat\u0103 trecutul, dimpotriv\u0103 \u2013 a \u00eencercat s\u0103 transforme experien\u021ba sa \u00eentr-un avertisment pentru al\u021bi tineri. Prin intermediul re\u021belelor de socializare, \u0219i-a \u00eemp\u0103rt\u0103\u0219it deschis lupta cu drogurile \u0219i a \u00eendemnat comunitatea s\u0103 nu \u00eei calce pe urme. \u201eNu v\u0103 apuca\u021bi! E o lupt\u0103 cumplit\u0103. Nu merit\u0103\u201d, spunea el \u00een repetate r\u00e2nduri.<\/p>\n<p>Moartea sa a st\u00e2rnit un val de reac\u021bii \u00een mediul online, iar mesajele de condolean\u021be curg ne\u00eencetat din partea celor care l-au cunoscut sau care au fost impresiona\u021bi de povestea sa.<\/p>\n<p><a href=\"https:\/\/www.realitatea.net\/stiri\/justitie\/prietena-lui-rares-declaratii-zguduitoare-maru-na-vrut-sal-ajute-rares-a-luat-droguri-chiar-in-dimineata-mortii-video_680217f7434008522057942c\" target=\"_blank\">\u00cen timp ce ancheta este \u00een desf\u0103\u0219urare<\/a>, familia t\u00e2n\u0103rului cere autorit\u0103\u021bilor o investiga\u021bie am\u0103nun\u021bit\u0103 privind modul \u00een care a fost tratat Rare\u0219 \u00een ultimele sale ore. De\u0219i rezultatul final al anchetei medico-legale va stabili cu exactitate cauzele decesului, fratele s\u0103u geam\u0103n consider\u0103 c\u0103 o interven\u021bie medical\u0103 prompt\u0103 \u0219i corect\u0103 i-ar fi putut salva via\u021ba.<\/p>","protected":false},"excerpt":{"rendered":"<p>\u00cen urma tragediei, fratele s\u0103u a lansat acuza\u021bii grave la adresa unit\u0103\u021bii medicale care l-a&hellip;<\/p>\n","protected":false},"author":0,"featured_media":48141,"comment_status":"open","ping_status":"open","sticky":false,"template":"","format":"standard","meta":{"footnotes":""},"categories":[2],"tags":[],"class_list":["post-48140","post","type-post","status-publish","format-standard","has-post-thumbnail","hentry","category-actual"],"_links":{"self":[{"href":"https:\/\/247stiri.ro\/index.php\/wp-json\/wp\/v2\/posts\/48140","targetHints":{"allow":["GET"]}}],"collection":[{"href":"https:\/\/247stiri.ro\/index.php\/wp-json\/wp\/v2\/posts"}],"about":[{"href":"https:\/\/247stiri.ro\/index.php\/wp-json\/wp\/v2\/types\/post"}],"replies":[{"embeddable":true,"href":"https:\/\/247stiri.ro\/index.php\/wp-json\/wp\/v2\/comments?post=48140"}],"version-history":[{"count":0,"href":"https:\/\/247stiri.ro\/index.php\/wp-json\/wp\/v2\/posts\/48140\/revisions"}],"wp:featuredmedia":[{"embeddable":true,"href":"https:\/\/247stiri.ro\/index.php\/wp-json\/wp\/v2\/media\/48141"}],"wp:attachment":[{"href":"https:\/\/247stiri.ro\/index.php\/wp-json\/wp\/v2\/media?parent=48140"}],"wp:term":[{"taxonomy":"category","embeddable":true,"href":"https:\/\/247stiri.ro\/index.php\/wp-json\/wp\/v2\/categories?post=48140"},{"taxonomy":"post_tag","embeddable":true,"href":"https:\/\/247stiri.ro\/index.php\/wp-json\/wp\/v2\/tags?post=48140"}],"curies":[{"name":"wp","href":"https:\/\/api.w.org\/{rel}","templated":true}]}}