{"id":48149,"date":"2025-04-18T14:44:49","date_gmt":"2025-04-18T14:44:49","guid":{"rendered":"https:\/\/247stiri.ro\/index.php\/2025\/04\/18\/viktor-orban-critci-dure-la-adresa-tarii-noastre-ungaria-nu-este-romania-sa-elimine-candidati-de-la-alegeri\/"},"modified":"2025-04-18T14:44:49","modified_gmt":"2025-04-18T14:44:49","slug":"viktor-orban-critci-dure-la-adresa-tarii-noastre-ungaria-nu-este-romania-sa-elimine-candidati-de-la-alegeri","status":"publish","type":"post","link":"https:\/\/247stiri.ro\/index.php\/2025\/04\/18\/viktor-orban-critci-dure-la-adresa-tarii-noastre-ungaria-nu-este-romania-sa-elimine-candidati-de-la-alegeri\/","title":{"rendered":"Viktor Orban, critci dure la adresa \u021b\u0103rii noastre: Ungaria nu este Rom\u00e2nia s\u0103 elimine candida\u021bi de la alegeri"},"content":{"rendered":"<p>&#8222;\u00cen Rom\u00e2nia exist\u0103 \u0219i o hot\u0103r\u00e2re judec\u0103toreasc\u0103 \u00een leg\u0103tur\u0103 cu faptul c\u0103, dac\u0103 direc\u021bia v\u00e2ntului politic nu este favorabil\u0103, se poate chiar exclude cineva din lupta politic\u0103 pentru c\u0103 beneficiaz\u0103 de un avantaj pe anumite platforme.\u00a0\u0218i eu cred, ca \u0219i dumneavoastr\u0103, c\u0103 este o problem\u0103 legat\u0103 de protec\u021bia suveranit\u0103\u021bii. Deci, \u0219i eu consider c\u0103 este a\u0219a, pentru c\u0103 \u00eentregul proiect, cum se spune modern, adic\u0103 \u00eentregul program sau \u00eentreaga fenomenologie, este ceva finan\u021bat din str\u0103in\u0103tate \u0219i men\u021binut din str\u0103in\u0103tate.\u00a0<\/p>\n<p>Ei bine, \u00een Ungaria exist\u0103 c\u00e2teva legi care trebuie respectate. Asta nu e Rom\u00e2nia, unde invent\u0103m legi retroactiv. Deci avem legi, \u0219i acele legi trebuie respectate de toat\u0103 lumea.\u00a0\u0218i dac\u0103 Partidul Tisza nu le respect\u0103, atunci s-ar putea ca Partidul Tisza s\u0103 nu poat\u0103 candida. Dar nici atunci nu este treaba Guvernului, pentru c\u0103 asta este reglementat\u0103 de justi\u021bie. \u00cen Ungaria, Guvernul nu poate exclude pe nimeni de la posibilitatea de a candida la alegeri, \u0219i nici nu vreau s\u0103 aud a\u0219a ceva&#8221;, a declarat premierul maghiar.\u00a0<\/p>","protected":false},"excerpt":{"rendered":"<p>&#8222;\u00cen Rom\u00e2nia exist\u0103 \u0219i o hot\u0103r\u00e2re judec\u0103toreasc\u0103 \u00een leg\u0103tur\u0103 cu faptul c\u0103, dac\u0103 direc\u021bia v\u00e2ntului&hellip;<\/p>\n","protected":false},"author":0,"featured_media":48148,"comment_status":"open","ping_status":"open","sticky":false,"template":"","format":"standard","meta":{"footnotes":""},"categories":[3],"tags":[],"class_list":["post-48149","post","type-post","status-publish","format-standard","has-post-thumbnail","hentry","category-politica"],"_links":{"self":[{"href":"https:\/\/247stiri.ro\/index.php\/wp-json\/wp\/v2\/posts\/48149","targetHints":{"allow":["GET"]}}],"collection":[{"href":"https:\/\/247stiri.ro\/index.php\/wp-json\/wp\/v2\/posts"}],"about":[{"href":"https:\/\/247stiri.ro\/index.php\/wp-json\/wp\/v2\/types\/post"}],"replies":[{"embeddable":true,"href":"https:\/\/247stiri.ro\/index.php\/wp-json\/wp\/v2\/comments?post=48149"}],"version-history":[{"count":0,"href":"https:\/\/247stiri.ro\/index.php\/wp-json\/wp\/v2\/posts\/48149\/revisions"}],"wp:featuredmedia":[{"embeddable":true,"href":"https:\/\/247stiri.ro\/index.php\/wp-json\/wp\/v2\/media\/48148"}],"wp:attachment":[{"href":"https:\/\/247stiri.ro\/index.php\/wp-json\/wp\/v2\/media?parent=48149"}],"wp:term":[{"taxonomy":"category","embeddable":true,"href":"https:\/\/247stiri.ro\/index.php\/wp-json\/wp\/v2\/categories?post=48149"},{"taxonomy":"post_tag","embeddable":true,"href":"https:\/\/247stiri.ro\/index.php\/wp-json\/wp\/v2\/tags?post=48149"}],"curies":[{"name":"wp","href":"https:\/\/api.w.org\/{rel}","templated":true}]}}