{"id":48150,"date":"2025-04-18T14:44:49","date_gmt":"2025-04-18T14:44:49","guid":{"rendered":"https:\/\/247stiri.ro\/index.php\/2025\/04\/18\/jocul-sistemului-cum-a-fost-pregatit-nicusor-dan-pentru-candidatura-ion-cristoiu-declaratie-bomba\/"},"modified":"2025-04-18T14:44:49","modified_gmt":"2025-04-18T14:44:49","slug":"jocul-sistemului-cum-a-fost-pregatit-nicusor-dan-pentru-candidatura-ion-cristoiu-declaratie-bomba","status":"publish","type":"post","link":"https:\/\/247stiri.ro\/index.php\/2025\/04\/18\/jocul-sistemului-cum-a-fost-pregatit-nicusor-dan-pentru-candidatura-ion-cristoiu-declaratie-bomba\/","title":{"rendered":"Jocul sistemului: cum a fost preg\u0103tit Nicu\u0219or Dan pentru candidatur\u0103. Ion Cristoiu, declara\u021bie bomb\u0103"},"content":{"rendered":"<p>&#8222;E ceva \u00een neregul\u0103 cu candidatura lui Nicu\u0219or Dan, si anume ca de cum a terminat campania, de cum a fost ales primar pentru al doilea mandat, in loc sa se ocupe de al doiela mandat &#8211; de aia si candidezi a doua oara ca &lt;&lt;Ba, zici, in al doilea mandat imi indeplinesc proiectele&gt;&gt;. De aia l-au si votat bucurestenii, el a inceput sa faca o campanie electorala. Mai tineti minte? S-a lipit cu referendumul, toate. Am zis &#8211; era campanie electorala. De ce i s-a propus? Nu stiu. Sigur este ca \u00een anularea alegerilor s-a luat \u00een calcul \u0219i faptul c\u0103 exista deja un candidat considerat de sistem bun: primar, matematician, olimpic nu gher\u021ban&#8221;, a declarat Cristoiu.\u00a0<\/p>\n<p><a title=\"@ioncristoiu\" href=\"https:\/\/www.tiktok.com\/@ioncristoiu?refer=embed\" target=\"_blank\">@ioncristoiu<\/a> <a title=\"cezicecristoiu\" href=\"https:\/\/www.tiktok.com\/tag\/cezicecristoiu?refer=embed\" target=\"_blank\">#cezicecristoiu<\/a> <a title=\"ioncristoiu\" href=\"https:\/\/www.tiktok.com\/tag\/ioncristoiu?refer=embed\" target=\"_blank\">#ioncristoiu<\/a> <a title=\"elenalasconi\" href=\"https:\/\/www.tiktok.com\/tag\/elenalasconi?refer=embed\" target=\"_blank\">#elenalasconi<\/a> <a title=\"\u266c sunet original - Ion Cristoiu\" href=\"https:\/\/www.tiktok.com\/music\/sunet-original-7494563333304650518?refer=embed\" target=\"_blank\">\u266c sunet original &#8211; Ion Cristoiu<\/a><\/p>","protected":false},"excerpt":{"rendered":"<p>&#8222;E ceva \u00een neregul\u0103 cu candidatura lui Nicu\u0219or Dan, si anume ca de cum a&hellip;<\/p>\n","protected":false},"author":0,"featured_media":48151,"comment_status":"open","ping_status":"open","sticky":false,"template":"","format":"standard","meta":{"footnotes":""},"categories":[3],"tags":[],"class_list":["post-48150","post","type-post","status-publish","format-standard","has-post-thumbnail","hentry","category-politica"],"_links":{"self":[{"href":"https:\/\/247stiri.ro\/index.php\/wp-json\/wp\/v2\/posts\/48150","targetHints":{"allow":["GET"]}}],"collection":[{"href":"https:\/\/247stiri.ro\/index.php\/wp-json\/wp\/v2\/posts"}],"about":[{"href":"https:\/\/247stiri.ro\/index.php\/wp-json\/wp\/v2\/types\/post"}],"replies":[{"embeddable":true,"href":"https:\/\/247stiri.ro\/index.php\/wp-json\/wp\/v2\/comments?post=48150"}],"version-history":[{"count":0,"href":"https:\/\/247stiri.ro\/index.php\/wp-json\/wp\/v2\/posts\/48150\/revisions"}],"wp:featuredmedia":[{"embeddable":true,"href":"https:\/\/247stiri.ro\/index.php\/wp-json\/wp\/v2\/media\/48151"}],"wp:attachment":[{"href":"https:\/\/247stiri.ro\/index.php\/wp-json\/wp\/v2\/media?parent=48150"}],"wp:term":[{"taxonomy":"category","embeddable":true,"href":"https:\/\/247stiri.ro\/index.php\/wp-json\/wp\/v2\/categories?post=48150"},{"taxonomy":"post_tag","embeddable":true,"href":"https:\/\/247stiri.ro\/index.php\/wp-json\/wp\/v2\/tags?post=48150"}],"curies":[{"name":"wp","href":"https:\/\/api.w.org\/{rel}","templated":true}]}}