{"id":48165,"date":"2025-04-18T15:44:49","date_gmt":"2025-04-18T15:44:49","guid":{"rendered":"https:\/\/247stiri.ro\/index.php\/2025\/04\/18\/usr-ignora-decizia-judecatorilor-cab-si-isi-saboteaza-propriul-candidat-la-prezidentiale-ce-i-se-pregateste-lui-lasconi\/"},"modified":"2025-04-18T15:44:49","modified_gmt":"2025-04-18T15:44:49","slug":"usr-ignora-decizia-judecatorilor-cab-si-isi-saboteaza-propriul-candidat-la-prezidentiale-ce-i-se-pregateste-lui-lasconi","status":"publish","type":"post","link":"https:\/\/247stiri.ro\/index.php\/2025\/04\/18\/usr-ignora-decizia-judecatorilor-cab-si-isi-saboteaza-propriul-candidat-la-prezidentiale-ce-i-se-pregateste-lui-lasconi\/","title":{"rendered":"USR ignor\u0103 decizia judec\u0103torilor CAB \u0219i \u00ee\u0219i saboteaz\u0103 propriul candidat la preziden\u021biale! Ce i se preg\u0103te\u0219te lui Lasconi"},"content":{"rendered":"<p>USR pare c\u0103 ignor\u0103 decizia magistra\u021bilor, care spune foarte clar c\u0103 Elena Lasconi ar trebui l\u0103sat\u0103 s\u0103-\u0219i fac\u0103 campanie cu sus\u021binerea partidului, iar USR s\u0103 nu-l sus\u021bin\u0103 pe Nicu\u0219or Dan.\u00a0<\/p>\n<p>La \u00eent\u00e2lnirea de ast\u0103zi a USR din cadrul Biroului Politic Na\u021bional s-a votat ca Elena Lasconi s\u0103 nu aib\u0103 acces la banii partidului.<\/p>\n<p>\u00cen aceea\u0219i \u0219edin\u021b\u0103, potrivit unor surse citate de Realitatea PLUS, s-ar fi vorbit \u0219i despre convocarea unui Comitet Politic pentru ca \u00een ziua de 5 mai, imediat dup\u0103 primul tur al alegerilor preziden\u021biale, s\u0103 fie organizat un Congres Na\u021bional \u00een urma c\u0103ruia Elena Lasconi s\u0103 fie demis\u0103 de la conducerea USR prin votul partidului.\u00a0<\/p>","protected":false},"excerpt":{"rendered":"<p>USR pare c\u0103 ignor\u0103 decizia magistra\u021bilor, care spune foarte clar c\u0103 Elena Lasconi ar trebui&hellip;<\/p>\n","protected":false},"author":0,"featured_media":48166,"comment_status":"open","ping_status":"open","sticky":false,"template":"","format":"standard","meta":{"footnotes":""},"categories":[3],"tags":[],"class_list":["post-48165","post","type-post","status-publish","format-standard","has-post-thumbnail","hentry","category-politica"],"_links":{"self":[{"href":"https:\/\/247stiri.ro\/index.php\/wp-json\/wp\/v2\/posts\/48165","targetHints":{"allow":["GET"]}}],"collection":[{"href":"https:\/\/247stiri.ro\/index.php\/wp-json\/wp\/v2\/posts"}],"about":[{"href":"https:\/\/247stiri.ro\/index.php\/wp-json\/wp\/v2\/types\/post"}],"replies":[{"embeddable":true,"href":"https:\/\/247stiri.ro\/index.php\/wp-json\/wp\/v2\/comments?post=48165"}],"version-history":[{"count":0,"href":"https:\/\/247stiri.ro\/index.php\/wp-json\/wp\/v2\/posts\/48165\/revisions"}],"wp:featuredmedia":[{"embeddable":true,"href":"https:\/\/247stiri.ro\/index.php\/wp-json\/wp\/v2\/media\/48166"}],"wp:attachment":[{"href":"https:\/\/247stiri.ro\/index.php\/wp-json\/wp\/v2\/media?parent=48165"}],"wp:term":[{"taxonomy":"category","embeddable":true,"href":"https:\/\/247stiri.ro\/index.php\/wp-json\/wp\/v2\/categories?post=48165"},{"taxonomy":"post_tag","embeddable":true,"href":"https:\/\/247stiri.ro\/index.php\/wp-json\/wp\/v2\/tags?post=48165"}],"curies":[{"name":"wp","href":"https:\/\/api.w.org\/{rel}","templated":true}]}}