{"id":48295,"date":"2025-04-19T07:44:52","date_gmt":"2025-04-19T07:44:52","guid":{"rendered":"https:\/\/247stiri.ro\/index.php\/2025\/04\/19\/s-au-reluat-cautarile-tanarului-care-a-disparut-in-apele-lacului-siriu-7-scafandri-sunt-in-cautarea-trupului\/"},"modified":"2025-04-19T07:44:52","modified_gmt":"2025-04-19T07:44:52","slug":"s-au-reluat-cautarile-tanarului-care-a-disparut-in-apele-lacului-siriu-7-scafandri-sunt-in-cautarea-trupului","status":"publish","type":"post","link":"https:\/\/247stiri.ro\/index.php\/2025\/04\/19\/s-au-reluat-cautarile-tanarului-care-a-disparut-in-apele-lacului-siriu-7-scafandri-sunt-in-cautarea-trupului\/","title":{"rendered":"S-au reluat c\u0103ut\u0103rile t\u00e2n\u0103rului care a disp\u0103rut \u00een apele lacului Siriu. 7 scafandri sunt \u00een c\u0103utarea trupului"},"content":{"rendered":"<p>UPDATEO echip\u0103 de c\u0103utare-salvare din cadrul Serviciului Public Jude\u021bean Salvamont &#8211; Salvaspeo Bra\u0219ov s-a deplasat s\u00e2mb\u0103t\u0103 la barajul Siriu, \u00een jude\u021bul Buz\u0103u, cu un scanner acvatic dotat cu inteligen\u021b\u0103 artificial\u0103, pentru a sprijini opera\u021biunea de c\u0103utare a pompierului c\u0103zut \u00een lacul de acumulare.Potrivit Dispeceratului Na\u021bional Salvamont, echipa de la Bra\u0219ov are la dispozi\u021bie \u0219i o dron\u0103 cu termoviziune.\u00a0\u0218tire ini\u021bial\u0103Potrivit ISU Buz\u0103u, ac\u0163iunile de c\u0103utare a persoanei disp\u0103rute continu\u0103 cu ajutorul unei b\u0103rci pneumatice, al unui sonar \u015fi a 7 scafandri veni\u0163i \u00een sprijin de la inspectoratele pentru situa\u0163ii de urgen\u0163\u0103 din Bucure\u015fti, D\u00e2mbovi\u0163a, Prahova \u015fi Bra\u015fov.\u00a0Misiunea se desf\u0103\u015foar\u0103 cu dificultate din cauza ad\u00e2ncimii apei \u015fi reliefului submers.\u00a0Dintre cele trei persoane aflate pe hidrobiciclet\u0103, dou\u0103 au reu\u015fit s\u0103 se salveze \u015fi au fost preluate ulterior de echipajele de interven\u0163ie, fiind transportate la unitatea medical\u0103 din Nehoiu, cu simptome de hipotermie. Cea de-a treia persoan\u0103 care nu a mai reu\u015fit s\u0103 ias\u0103 la suprafa\u0163\u0103 este pompier \u00een cadrul Sta\u0163iei de Pompieri M\u0103run\u0163i\u015fu.\u00a0<\/p>","protected":false},"excerpt":{"rendered":"<p>UPDATEO echip\u0103 de c\u0103utare-salvare din cadrul Serviciului Public Jude\u021bean Salvamont &#8211; Salvaspeo Bra\u0219ov s-a deplasat&hellip;<\/p>\n","protected":false},"author":0,"featured_media":48296,"comment_status":"open","ping_status":"open","sticky":false,"template":"","format":"standard","meta":{"footnotes":""},"categories":[2],"tags":[],"class_list":["post-48295","post","type-post","status-publish","format-standard","has-post-thumbnail","hentry","category-actual"],"_links":{"self":[{"href":"https:\/\/247stiri.ro\/index.php\/wp-json\/wp\/v2\/posts\/48295","targetHints":{"allow":["GET"]}}],"collection":[{"href":"https:\/\/247stiri.ro\/index.php\/wp-json\/wp\/v2\/posts"}],"about":[{"href":"https:\/\/247stiri.ro\/index.php\/wp-json\/wp\/v2\/types\/post"}],"replies":[{"embeddable":true,"href":"https:\/\/247stiri.ro\/index.php\/wp-json\/wp\/v2\/comments?post=48295"}],"version-history":[{"count":0,"href":"https:\/\/247stiri.ro\/index.php\/wp-json\/wp\/v2\/posts\/48295\/revisions"}],"wp:featuredmedia":[{"embeddable":true,"href":"https:\/\/247stiri.ro\/index.php\/wp-json\/wp\/v2\/media\/48296"}],"wp:attachment":[{"href":"https:\/\/247stiri.ro\/index.php\/wp-json\/wp\/v2\/media?parent=48295"}],"wp:term":[{"taxonomy":"category","embeddable":true,"href":"https:\/\/247stiri.ro\/index.php\/wp-json\/wp\/v2\/categories?post=48295"},{"taxonomy":"post_tag","embeddable":true,"href":"https:\/\/247stiri.ro\/index.php\/wp-json\/wp\/v2\/tags?post=48295"}],"curies":[{"name":"wp","href":"https:\/\/api.w.org\/{rel}","templated":true}]}}