{"id":48313,"date":"2025-04-19T08:45:19","date_gmt":"2025-04-19T08:45:19","guid":{"rendered":"https:\/\/247stiri.ro\/index.php\/2025\/04\/19\/incendiu-devastator-in-arad-un-adapost-de-animale-mistuit-de-flacari-aproape-50-de-vaci-si-oi-au-pierit\/"},"modified":"2025-04-19T08:45:19","modified_gmt":"2025-04-19T08:45:19","slug":"incendiu-devastator-in-arad-un-adapost-de-animale-mistuit-de-flacari-aproape-50-de-vaci-si-oi-au-pierit","status":"publish","type":"post","link":"https:\/\/247stiri.ro\/index.php\/2025\/04\/19\/incendiu-devastator-in-arad-un-adapost-de-animale-mistuit-de-flacari-aproape-50-de-vaci-si-oi-au-pierit\/","title":{"rendered":"Incendiu devastator \u00een Arad. Un ad\u0103post de animale, mistuit de fl\u0103c\u0103ri. Aproape 50 de vaci \u0219i oi au pierit"},"content":{"rendered":"<p>\u00cen noaptea de vineri spre s\u00e2mb\u0103t\u0103, \u00een jurul orei 03:00, pompierii militari ar\u0103deni au intervenit pentru stingerea unui incendiu izbucnit la o anex\u0103 gospod\u0103reasc\u0103 cu rol de ad\u0103post pentru animale, \u00een localitatea M\u00e2ner\u0103u.\u00a0Conform presei locale, la fa\u021ba locului au intervenit pompierii din cadrul Deta\u0219amentului de Pompieri Ineu, cu dou\u0103 autospeciale de stingere \u0219i o ambulan\u021b\u0103 SMURD, dar \u0219i pompierii voluntari din cadrul SVSU Bocsig.\u00a0\u201eLa sosirea echipajelor de interven\u021bie, incendiul se manifesta prin ardere generalizat\u0103 la nivelul ad\u0103postului de animale, pe o suprafa\u021b\u0103 de aproximativ 350 de metri p\u0103tra\u021bi, cu posibilitate de propagare la locuin\u021ba aflat\u0103 \u00een imediata apropiere. Incendiul a fost lichidat prompt, \u00eens\u0103, din nefericire, \u00een interiorul ad\u0103postului se aflau 20 de bovine \u0219i 27 de ovine, surprinse de fl\u0103c\u0103ri. Au fost salvate casa \u0219i un alt ad\u0103post de animale aflat \u00een incinta gospod\u0103riei\u201d, transmite Ruxandra Klein, purt\u0103torul de cuv\u00e2nt al Inspectoratului pentru Situa\u021bii de Urgen\u021b\u0103 Arad.\u00a0Din fericire, nu s-au \u00eenregistrat victime omene\u0219ti. Cauza probabil\u0103 de producere a incendiului este \u00een curs de stabilire.<\/p>","protected":false},"excerpt":{"rendered":"<p>\u00cen noaptea de vineri spre s\u00e2mb\u0103t\u0103, \u00een jurul orei 03:00, pompierii militari ar\u0103deni au intervenit&hellip;<\/p>\n","protected":false},"author":0,"featured_media":48314,"comment_status":"open","ping_status":"open","sticky":false,"template":"","format":"standard","meta":{"footnotes":""},"categories":[2],"tags":[],"class_list":["post-48313","post","type-post","status-publish","format-standard","has-post-thumbnail","hentry","category-actual"],"_links":{"self":[{"href":"https:\/\/247stiri.ro\/index.php\/wp-json\/wp\/v2\/posts\/48313","targetHints":{"allow":["GET"]}}],"collection":[{"href":"https:\/\/247stiri.ro\/index.php\/wp-json\/wp\/v2\/posts"}],"about":[{"href":"https:\/\/247stiri.ro\/index.php\/wp-json\/wp\/v2\/types\/post"}],"replies":[{"embeddable":true,"href":"https:\/\/247stiri.ro\/index.php\/wp-json\/wp\/v2\/comments?post=48313"}],"version-history":[{"count":0,"href":"https:\/\/247stiri.ro\/index.php\/wp-json\/wp\/v2\/posts\/48313\/revisions"}],"wp:featuredmedia":[{"embeddable":true,"href":"https:\/\/247stiri.ro\/index.php\/wp-json\/wp\/v2\/media\/48314"}],"wp:attachment":[{"href":"https:\/\/247stiri.ro\/index.php\/wp-json\/wp\/v2\/media?parent=48313"}],"wp:term":[{"taxonomy":"category","embeddable":true,"href":"https:\/\/247stiri.ro\/index.php\/wp-json\/wp\/v2\/categories?post=48313"},{"taxonomy":"post_tag","embeddable":true,"href":"https:\/\/247stiri.ro\/index.php\/wp-json\/wp\/v2\/tags?post=48313"}],"curies":[{"name":"wp","href":"https:\/\/api.w.org\/{rel}","templated":true}]}}